{"id":1113,"date":"2018-03-23T14:53:08","date_gmt":"2018-03-23T17:53:08","guid":{"rendered":"https:\/\/campuscastanhal.ufpa.br\/?p=1113"},"modified":"2018-03-23T14:53:08","modified_gmt":"2018-03-23T17:53:08","slug":"cursinho-logos-da-ufpa-abre-selecao-para-professores-voluntarios-de-lingua-portuguesa","status":"publish","type":"post","link":"https:\/\/campuscastanhal.ufpa.br\/?p=1113","title":{"rendered":"Cursinho Logos da UFPA abre sele\u00e7\u00e3o para professores volunt\u00e1rios de L\u00edngua Portuguesa"},"content":{"rendered":"<p><img decoding=\"async\" loading=\"lazy\" class=\" wp-image-1112 aligncenter\" src=\"https:\/\/campuscastanhal.ufpa.br\/wp-content\/uploads\/2018\/imagens\/03.marco\/logos-VOLUNTARIOS.jpg\" alt=\"\" width=\"337\" height=\"184\" \/><\/p>\n<p style=\"text-align: justify;\">O Cursinho Pr\u00e9-Vestibular Logos, projeto de extens\u00e3o da Universidade Federal do Par\u00e1, Campus Castanhal, abre processo de sele\u00e7\u00e3o de 02 vagas para o cargo de professor volunt\u00e1rio de L\u00edngua Portuguesa.<\/p>\n<p style=\"text-align: justify;\">Podem se inscrever graduandos em Letras, com habilita\u00e7\u00e3o em L\u00edngua Portuguesa, que estejam cursando a partir do segundo semestre, ou professores j\u00e1 formados que queiram contribuir com o projeto.<\/p>\n<p style=\"text-align: justify;\">Para inscri\u00e7\u00e3o, os interessados devem encaminhar o <em>curriculum vitae<\/em>, at\u00e9 o dia 27\/03\/18, para o e-mail: logospv@hotmail.com.<\/p>\n<p style=\"text-align: justify;\">O processo de sele\u00e7\u00e3o consistir\u00e1 em an\u00e1lise curricular e entrevista, caso necess\u00e1rio.<\/p>\n<p style=\"text-align: justify;\">O projeto Logos oferece prepara\u00e7\u00e3o para jovens e adultos oriundos, em sua maioria, da esfera p\u00fablica, que desejam ingressar no ensino superior. As aulas s\u00e3o ministradas de segunda a sexta, das 18h \u00e0s 21h30, e aos s\u00e1bados, das 7h30 \u00e0s 12h20.<\/p>\n<p style=\"text-align: justify;\">Texto: Equipe Logos<\/p>\n","protected":false},"excerpt":{"rendered":"<p>O Cursinho Pr\u00e9-Vestibular Logos, projeto de extens\u00e3o da Universidade Federal do Par\u00e1, Campus Castanhal, abre processo de sele\u00e7\u00e3o de 02 vagas para o cargo de professor volunt\u00e1rio de L\u00edngua Portuguesa. Podem se inscrever graduandos em Letras, com habilita\u00e7\u00e3o em L\u00edngua Portuguesa, que estejam cursando a partir do segundo semestre, ou professores j\u00e1 formados que queiram &hellip; <a href=\"https:\/\/campuscastanhal.ufpa.br\/?p=1113\">Continue reading <span class=\"meta-nav\">&rarr;<\/span><\/a><\/p>\n","protected":false},"author":2,"featured_media":0,"comment_status":"open","ping_status":"open","sticky":false,"template":"","format":"standard","meta":{"_exactmetrics_skip_tracking":false,"_exactmetrics_sitenote_active":false,"_exactmetrics_sitenote_note":"","_exactmetrics_sitenote_category":0},"categories":[1],"tags":[],"_links":{"self":[{"href":"https:\/\/campuscastanhal.ufpa.br\/index.php?rest_route=\/wp\/v2\/posts\/1113"}],"collection":[{"href":"https:\/\/campuscastanhal.ufpa.br\/index.php?rest_route=\/wp\/v2\/posts"}],"about":[{"href":"https:\/\/campuscastanhal.ufpa.br\/index.php?rest_route=\/wp\/v2\/types\/post"}],"author":[{"embeddable":true,"href":"https:\/\/campuscastanhal.ufpa.br\/index.php?rest_route=\/wp\/v2\/users\/2"}],"replies":[{"embeddable":true,"href":"https:\/\/campuscastanhal.ufpa.br\/index.php?rest_route=%2Fwp%2Fv2%2Fcomments&post=1113"}],"version-history":[{"count":1,"href":"https:\/\/campuscastanhal.ufpa.br\/index.php?rest_route=\/wp\/v2\/posts\/1113\/revisions"}],"predecessor-version":[{"id":1114,"href":"https:\/\/campuscastanhal.ufpa.br\/index.php?rest_route=\/wp\/v2\/posts\/1113\/revisions\/1114"}],"wp:attachment":[{"href":"https:\/\/campuscastanhal.ufpa.br\/index.php?rest_route=%2Fwp%2Fv2%2Fmedia&parent=1113"}],"wp:term":[{"taxonomy":"category","embeddable":true,"href":"https:\/\/campuscastanhal.ufpa.br\/index.php?rest_route=%2Fwp%2Fv2%2Fcategories&post=1113"},{"taxonomy":"post_tag","embeddable":true,"href":"https:\/\/campuscastanhal.ufpa.br\/index.php?rest_route=%2Fwp%2Fv2%2Ftags&post=1113"}],"curies":[{"name":"wp","href":"https:\/\/api.w.org\/{rel}","templated":true}]}}