{"id":1171,"date":"2018-04-09T11:24:09","date_gmt":"2018-04-09T14:24:09","guid":{"rendered":"https:\/\/campuscastanhal.ufpa.br\/?p=1171"},"modified":"2018-04-10T18:48:20","modified_gmt":"2018-04-10T21:48:20","slug":"assessoria-de-comunicacao-do-campus-de-castanhal-seleciona-voluntarios","status":"publish","type":"post","link":"https:\/\/campuscastanhal.ufpa.br\/?p=1171","title":{"rendered":"Assessoria de Comunica\u00e7\u00e3o do Campus de Castanhal seleciona volunt\u00e1rios"},"content":{"rendered":"<p><img decoding=\"async\" loading=\"lazy\" class=\"wp-image-1170 aligncenter\" src=\"https:\/\/campuscastanhal.ufpa.br\/wp-content\/uploads\/2018\/imagens\/04.abril\/voluntarios-ascom.png\" alt=\"\" width=\"462\" height=\"252\" \/><\/p>\n<p style=\"text-align: justify;\">Compartilhar os valores, a miss\u00e3o e a vis\u00e3o, por meio da divulga\u00e7\u00e3o das a\u00e7\u00f5es promovidas pela Universidade, deve ser o principal objetivo da Assessoria de Comunica\u00e7\u00e3o Institucional.<\/p>\n<p style=\"text-align: justify;\">No Campus de Castanhal, todo o trabalho realizado pela Ascom vai ao encontro desse objetivo, seja em coberturas fotogr\u00e1ficas de eventos ou na divulga\u00e7\u00e3o de pautas mais complexas por meio do programa de r\u00e1dio, que vai ao ar nas quintas-feiras pela r\u00e1dio Atl\u00e2ntico FM 105.1.<\/p>\n<p style=\"text-align: justify;\">Com a inten\u00e7\u00e3o de continuar dando andamento \u00e0s demandas j\u00e1 existentes e ampliar o atendimento do setor, a Assessoria de Comunica\u00e7\u00e3o do Campus de Castanhal abre sele\u00e7\u00e3o para volunt\u00e1rios que desejem adquirir ou compartilhar experi\u00eancias nas \u00e1reas da comunica\u00e7\u00e3o institucional, do jornalismo, da fotografia e em outras \u00e1reas que se relacionem com o trabalho que j\u00e1 vem sendo desenvolvido.<\/p>\n<p style=\"text-align: justify;\">Os interessados em participar da sele\u00e7\u00e3o, precisam ler com aten\u00e7\u00e3o o <a href=\"http:\/\/campuscastanhal.ufpa.br\/wp-content\/uploads\/2018\/arquivospdf\/04.abril\/EDITAL-ASCOM.pdf\" target=\"_blank\" rel=\"noopener\"><strong>Edital<\/strong><\/a> e enviar os documentos solicitados no item 7, at\u00e9 as 23h59 do dia 12 de abril, para o email ascomufpacastanhal@gmail.com.<\/p>\n<p style=\"text-align: justify;\">Alunos de qualquer curso de gradua\u00e7\u00e3o da UFPA\/Castanhal podem concorrer. S\u00e3o 06 vagas para in\u00edcio imediato e mais 02 vagas para cadastro de reserva.<\/p>\n<p>Texto: Paula Lopes \u2013 Ascom UFPA\/Castanhal<br \/>\nArte: Reprodu\u00e7\u00e3o Google<\/p>\n<p>&nbsp;<\/p>\n<p>&nbsp;<\/p>\n","protected":false},"excerpt":{"rendered":"<p>Compartilhar os valores, a miss\u00e3o e a vis\u00e3o, por meio da divulga\u00e7\u00e3o das a\u00e7\u00f5es promovidas pela Universidade, deve ser o principal objetivo da Assessoria de Comunica\u00e7\u00e3o Institucional. No Campus de Castanhal, todo o trabalho realizado pela Ascom vai ao encontro desse objetivo, seja em coberturas fotogr\u00e1ficas de eventos ou na divulga\u00e7\u00e3o de pautas mais complexas &hellip; <a href=\"https:\/\/campuscastanhal.ufpa.br\/?p=1171\">Continue reading <span class=\"meta-nav\">&rarr;<\/span><\/a><\/p>\n","protected":false},"author":2,"featured_media":0,"comment_status":"open","ping_status":"open","sticky":false,"template":"","format":"standard","meta":{"_exactmetrics_skip_tracking":false,"_exactmetrics_sitenote_active":false,"_exactmetrics_sitenote_note":"","_exactmetrics_sitenote_category":0},"categories":[1],"tags":[],"_links":{"self":[{"href":"https:\/\/campuscastanhal.ufpa.br\/index.php?rest_route=\/wp\/v2\/posts\/1171"}],"collection":[{"href":"https:\/\/campuscastanhal.ufpa.br\/index.php?rest_route=\/wp\/v2\/posts"}],"about":[{"href":"https:\/\/campuscastanhal.ufpa.br\/index.php?rest_route=\/wp\/v2\/types\/post"}],"author":[{"embeddable":true,"href":"https:\/\/campuscastanhal.ufpa.br\/index.php?rest_route=\/wp\/v2\/users\/2"}],"replies":[{"embeddable":true,"href":"https:\/\/campuscastanhal.ufpa.br\/index.php?rest_route=%2Fwp%2Fv2%2Fcomments&post=1171"}],"version-history":[{"count":1,"href":"https:\/\/campuscastanhal.ufpa.br\/index.php?rest_route=\/wp\/v2\/posts\/1171\/revisions"}],"predecessor-version":[{"id":1172,"href":"https:\/\/campuscastanhal.ufpa.br\/index.php?rest_route=\/wp\/v2\/posts\/1171\/revisions\/1172"}],"wp:attachment":[{"href":"https:\/\/campuscastanhal.ufpa.br\/index.php?rest_route=%2Fwp%2Fv2%2Fmedia&parent=1171"}],"wp:term":[{"taxonomy":"category","embeddable":true,"href":"https:\/\/campuscastanhal.ufpa.br\/index.php?rest_route=%2Fwp%2Fv2%2Fcategories&post=1171"},{"taxonomy":"post_tag","embeddable":true,"href":"https:\/\/campuscastanhal.ufpa.br\/index.php?rest_route=%2Fwp%2Fv2%2Ftags&post=1171"}],"curies":[{"name":"wp","href":"https:\/\/api.w.org\/{rel}","templated":true}]}}