{"id":1184,"date":"2018-04-06T17:36:00","date_gmt":"2018-04-06T20:36:00","guid":{"rendered":"https:\/\/campuscastanhal.ufpa.br\/?p=1184"},"modified":"2018-04-06T17:36:00","modified_gmt":"2018-04-06T20:36:00","slug":"geira-vai-exibir-documentario-a-carta-no-campus-de-castanhal","status":"publish","type":"post","link":"https:\/\/campuscastanhal.ufpa.br\/?p=1184","title":{"rendered":"Geira vai exibir document\u00e1rio \u201cA carta\u201d no Campus de Castanhal"},"content":{"rendered":"<p style=\"text-align: justify;\">Enviar e receber emails ou cartas s\u00e3o duas atividades muito comuns na sociedade contempor\u00e2nea. Recebemos contas, boletos, documentos, oportunidades&#8230; Mas voc\u00ea j\u00e1 recebeu um relato de como \u00e9 lidar com transtornos mentais?<\/p>\n<p style=\"text-align: justify;\">\u00c9 com essa tem\u00e1tica que o document\u00e1rio &#8220;A carta&#8221; imerge no mundo de profissionais e estudantes que tem o desafio di\u00e1rio de enfrentar a si mesmos para conviver e, simplesmente, viver.<\/p>\n<p style=\"text-align: justify;\">O Grupo de Educa\u00e7\u00e3o Inclusiva da Regi\u00e3o Amaz\u00f4nica da Universidade Federal do Par\u00e1 (GEIRA\/UFPA), com o apoio da Superintend\u00eancia de Assist\u00eancia Estudantil (Saest), \u00a0vai exibir o document\u00e1rio no dia 10 de abril, a partir das 10h, no Audit\u00f3rio Nazar\u00e9 S\u00e1. Ap\u00f3s a exibi\u00e7\u00e3o, haver\u00e1 um momento para debates.<\/p>\n<p style=\"text-align: justify;\">Podem participar desse momento de aprendizagem, graduandos, t\u00e9cnicos e docentes da UFPA\/Castanhal. A inscri\u00e7\u00e3o \u00e9 gratuita e deve ser realizada a partir das 9h30, no local do evento.<\/p>\n<p style=\"text-align: justify;\"><strong>Sinopse<\/strong>: O document\u00e1rio \u201cA carta\u201d \u00e9 um mergulho na subjetividade de estudantes universit\u00e1rios e jovens profissionais que enfrentam depress\u00e3o, bipolaridade e outros transtornos mentais. O fio condutor da narrativa \u00e9 uma carta escrita por um jovem universit\u00e1rio, que narra o seu cotidiano no enfrentamento desta problem\u00e1tica, cada vez mais comum em nossa sociedade. O filme tamb\u00e9m faz uma reflex\u00e3o sobre o papel, o preconceito e os limites da Universidade, da fam\u00edlia e dos amigos, na perspectiva de encarar o tema. Com encena\u00e7\u00f5es e depoimentos, os personagens compartilham o cotidiano acad\u00eamico, suas experi\u00eancias, sentimentos e perspectivas para o futuro. \u201cA carta\u201d deixa uma mensagem para quem precisa aprender a conviver com os transtornos da mente. \u201cA carta\u201d teve sua produ\u00e7\u00e3o no ano de 2018 e a dura\u00e7\u00e3o \u00e9 de 22 minutos.<\/p>\n<p><strong><u>Servi\u00e7o:<\/u><\/strong><\/p>\n<p><strong>CINE DEBATE &#8220;A CARTA&#8221;<br \/>\n<\/strong>Data: 10\/04\/2018<br \/>\nHor\u00e1rio: 10 \u00e0s 12h<br \/>\nLocal: Audit\u00f3rio da UFPA-Castanhal<\/p>\n<p>Texto: Divulga\u00e7\u00e3o GEIRA<\/p>\n<p>&nbsp;<\/p>\n<p>&nbsp;<\/p>\n<p>&nbsp;<\/p>\n<p>&nbsp;<\/p>\n","protected":false},"excerpt":{"rendered":"<p>Enviar e receber emails ou cartas s\u00e3o duas atividades muito comuns na sociedade contempor\u00e2nea. Recebemos contas, boletos, documentos, oportunidades&#8230; Mas voc\u00ea j\u00e1 recebeu um relato de como \u00e9 lidar com transtornos mentais? \u00c9 com essa tem\u00e1tica que o document\u00e1rio &#8220;A carta&#8221; imerge no mundo de profissionais e estudantes que tem o desafio di\u00e1rio de enfrentar &hellip; <a href=\"https:\/\/campuscastanhal.ufpa.br\/?p=1184\">Continue reading <span class=\"meta-nav\">&rarr;<\/span><\/a><\/p>\n","protected":false},"author":2,"featured_media":0,"comment_status":"open","ping_status":"open","sticky":false,"template":"","format":"standard","meta":{"_exactmetrics_skip_tracking":false,"_exactmetrics_sitenote_active":false,"_exactmetrics_sitenote_note":"","_exactmetrics_sitenote_category":0},"categories":[26],"tags":[],"_links":{"self":[{"href":"https:\/\/campuscastanhal.ufpa.br\/index.php?rest_route=\/wp\/v2\/posts\/1184"}],"collection":[{"href":"https:\/\/campuscastanhal.ufpa.br\/index.php?rest_route=\/wp\/v2\/posts"}],"about":[{"href":"https:\/\/campuscastanhal.ufpa.br\/index.php?rest_route=\/wp\/v2\/types\/post"}],"author":[{"embeddable":true,"href":"https:\/\/campuscastanhal.ufpa.br\/index.php?rest_route=\/wp\/v2\/users\/2"}],"replies":[{"embeddable":true,"href":"https:\/\/campuscastanhal.ufpa.br\/index.php?rest_route=%2Fwp%2Fv2%2Fcomments&post=1184"}],"version-history":[{"count":1,"href":"https:\/\/campuscastanhal.ufpa.br\/index.php?rest_route=\/wp\/v2\/posts\/1184\/revisions"}],"predecessor-version":[{"id":1185,"href":"https:\/\/campuscastanhal.ufpa.br\/index.php?rest_route=\/wp\/v2\/posts\/1184\/revisions\/1185"}],"wp:attachment":[{"href":"https:\/\/campuscastanhal.ufpa.br\/index.php?rest_route=%2Fwp%2Fv2%2Fmedia&parent=1184"}],"wp:term":[{"taxonomy":"category","embeddable":true,"href":"https:\/\/campuscastanhal.ufpa.br\/index.php?rest_route=%2Fwp%2Fv2%2Fcategories&post=1184"},{"taxonomy":"post_tag","embeddable":true,"href":"https:\/\/campuscastanhal.ufpa.br\/index.php?rest_route=%2Fwp%2Fv2%2Ftags&post=1184"}],"curies":[{"name":"wp","href":"https:\/\/api.w.org\/{rel}","templated":true}]}}