{"id":1192,"date":"2018-04-09T16:31:33","date_gmt":"2018-04-09T19:31:33","guid":{"rendered":"https:\/\/campuscastanhal.ufpa.br\/?p=1192"},"modified":"2018-04-09T16:36:23","modified_gmt":"2018-04-09T19:36:23","slug":"programa-universidade-no-quilombo-promove-oficinas-sobre-cultura-afro-brasileira","status":"publish","type":"post","link":"https:\/\/campuscastanhal.ufpa.br\/?p=1192","title":{"rendered":"Alunos de Pedagogia promovem oficinas sobre cultura afro-brasileira"},"content":{"rendered":"<p style=\"text-align: justify;\">Como parte integrante da disciplina T\u00f3picos Optativos de Integra\u00e7\u00e3o Curricular, a turma de Pedagogia 2014 (manh\u00e3), sob orienta\u00e7\u00e3o do professor Dr. Assun\u00e7\u00e3o Amaral, vai realizar, nos dias 10 e 11 de abril, oficinas com tem\u00e1ticas da cultura afro-brasileira.<\/p>\n<p style=\"text-align: justify;\">Os temas das oficinas ofertadas s\u00e3o: Lendas Africanas; M\u00e1scaras africanas: representa\u00e7\u00e3o de religiosidade e cultura; M\u00fasica e Dan\u00e7a Jango; Jogos e Brincadeiras Africanas e Confec\u00e7\u00e3o de Bonecas Abayomi.<\/p>\n<p style=\"text-align: justify;\">Todas as atividades t\u00eam como objetivo mostrar \u00e0 comunidade acad\u00eamica da UFPA\/Castanhal os valores afro-brasileiros, muito presente na nossa hist\u00f3ria e no nosso dia a dia como a religiosidade, a m\u00fasica, a dan\u00e7a, as lendas e as mem\u00f3rias.<\/p>\n<p style=\"text-align: justify;\">As inscri\u00e7\u00f5es para participar da programa\u00e7\u00e3o podem ser feitas na hora, conforme o n\u00famero de vagas. Para detalhes sobre as oficinas e os locais de realiza\u00e7\u00e3o, clique <a href=\"http:\/\/campuscastanhal.ufpa.br\/wp-content\/uploads\/2018\/arquivospdf\/04.abril\/Oficinas.pdf\" target=\"_blank\" rel=\"noopener\"><strong>aqui<\/strong><\/a>.<\/p>\n<p style=\"text-align: justify;\">Texto: Elluane Oliveira \u2013 Ascom UFPA\/Castanhal<\/p>\n<p>&nbsp;<\/p>\n<p>&nbsp;<\/p>\n<p>&nbsp;<\/p>\n","protected":false},"excerpt":{"rendered":"<p>Como parte integrante da disciplina T\u00f3picos Optativos de Integra\u00e7\u00e3o Curricular, a turma de Pedagogia 2014 (manh\u00e3), sob orienta\u00e7\u00e3o do professor Dr. Assun\u00e7\u00e3o Amaral, vai realizar, nos dias 10 e 11 de abril, oficinas com tem\u00e1ticas da cultura afro-brasileira. Os temas das oficinas ofertadas s\u00e3o: Lendas Africanas; M\u00e1scaras africanas: representa\u00e7\u00e3o de religiosidade e cultura; M\u00fasica e &hellip; <a href=\"https:\/\/campuscastanhal.ufpa.br\/?p=1192\">Continue reading <span class=\"meta-nav\">&rarr;<\/span><\/a><\/p>\n","protected":false},"author":2,"featured_media":0,"comment_status":"open","ping_status":"open","sticky":false,"template":"","format":"standard","meta":{"_exactmetrics_skip_tracking":false,"_exactmetrics_sitenote_active":false,"_exactmetrics_sitenote_note":"","_exactmetrics_sitenote_category":0},"categories":[1],"tags":[],"_links":{"self":[{"href":"https:\/\/campuscastanhal.ufpa.br\/index.php?rest_route=\/wp\/v2\/posts\/1192"}],"collection":[{"href":"https:\/\/campuscastanhal.ufpa.br\/index.php?rest_route=\/wp\/v2\/posts"}],"about":[{"href":"https:\/\/campuscastanhal.ufpa.br\/index.php?rest_route=\/wp\/v2\/types\/post"}],"author":[{"embeddable":true,"href":"https:\/\/campuscastanhal.ufpa.br\/index.php?rest_route=\/wp\/v2\/users\/2"}],"replies":[{"embeddable":true,"href":"https:\/\/campuscastanhal.ufpa.br\/index.php?rest_route=%2Fwp%2Fv2%2Fcomments&post=1192"}],"version-history":[{"count":2,"href":"https:\/\/campuscastanhal.ufpa.br\/index.php?rest_route=\/wp\/v2\/posts\/1192\/revisions"}],"predecessor-version":[{"id":1195,"href":"https:\/\/campuscastanhal.ufpa.br\/index.php?rest_route=\/wp\/v2\/posts\/1192\/revisions\/1195"}],"wp:attachment":[{"href":"https:\/\/campuscastanhal.ufpa.br\/index.php?rest_route=%2Fwp%2Fv2%2Fmedia&parent=1192"}],"wp:term":[{"taxonomy":"category","embeddable":true,"href":"https:\/\/campuscastanhal.ufpa.br\/index.php?rest_route=%2Fwp%2Fv2%2Fcategories&post=1192"},{"taxonomy":"post_tag","embeddable":true,"href":"https:\/\/campuscastanhal.ufpa.br\/index.php?rest_route=%2Fwp%2Fv2%2Ftags&post=1192"}],"curies":[{"name":"wp","href":"https:\/\/api.w.org\/{rel}","templated":true}]}}