{"id":1647,"date":"2018-09-27T16:36:51","date_gmt":"2018-09-27T19:36:51","guid":{"rendered":"https:\/\/campuscastanhal.ufpa.br\/?p=1647"},"modified":"2018-10-02T15:59:00","modified_gmt":"2018-10-02T18:59:00","slug":"i-seminario-integrado-de-ensino-pesquisa-e-extensao-acontece-na-proxima-semana","status":"publish","type":"post","link":"https:\/\/campuscastanhal.ufpa.br\/?p=1647","title":{"rendered":"I Semin\u00e1rio Integrado de Ensino, Pesquisa e Extens\u00e3o acontece nos dias 04 e 05 de outubro"},"content":{"rendered":"<p><img decoding=\"async\" loading=\"lazy\" class=\"wp-image-1646 aligncenter\" src=\"https:\/\/campuscastanhal.ufpa.br\/wp-content\/uploads\/2018\/imagens\/10.outubro\/SIEPE.jpg\" alt=\"\" width=\"438\" height=\"239\" \/><\/p>\n<p style=\"text-align: justify;\">Entende-se por integrar, fazer a composi\u00e7\u00e3o, a complementa\u00e7\u00e3o, a incorpora\u00e7\u00e3o, compor um conjunto formando um todo coerente, interligar o geral e o particular, o global e o local, as partes e o todo. Nesse vi\u00e9s, ter\u00e1 palco, na Universidade Federal do Par\u00e1 (UFPA), o I Semin\u00e1rio Integrado de Ensino, Pesquisa e Extens\u00e3o (Siepe), que ocorre na primeira semana de outubro, com a apresenta\u00e7\u00e3o de trabalhos da comunidade acad\u00eamica que desenvolve atividades e pesquisas conclu\u00eddas e vinculadas ao ensino, \u00e0 pesquisa e \u00e0 extens\u00e3o.<\/p>\n<p style=\"text-align: justify;\"><strong>Em Castanhal, o evento ser\u00e1 realizado nos dias 04 e 05 de outubro, contemplando uma agenda comum entre os campi I e II.<\/strong><\/p>\n<p style=\"text-align: justify;\">O I Siepe da UFPA se constitui como um espa\u00e7o de visibilidade e compartilhamento de conhecimentos, produtos e processos desenvolvidos no \u00e2mbito das principais interlocu\u00e7\u00f5es entre ensino-pesquisa-extens\u00e3o, as quais se expressam nas seguintes a\u00e7\u00f5es:<\/p>\n<p style=\"text-align: justify;\">XXIX Semin\u00e1rio de Inicia\u00e7\u00e3o Cient\u00edfica (Seminic) &#8211; O Semin\u00e1rio de Inicia\u00e7\u00e3o Cient\u00edfica \u00e9 promovido pela Pr\u00f3-Reitoria de Pesquisa e P\u00f3s-Gradua\u00e7\u00e3o da UFPA e est\u00e1 em sua 29\u00aa Edi\u00e7\u00e3o. Pela primeira vez, o evento ser\u00e1 inserido no Siepe.<\/p>\n<p style=\"text-align: justify;\"><strong>Semin\u00e1rio de Projetos Educacionais (Sepeduc\/2018)<\/strong> &#8211; O Semin\u00e1rio de Projetos Educacionais (Sepeduc\/2018) da UFPA \u00e9 promovido pela Proeg, sendo parte integrante do I Siepe. Com a tem\u00e1tica \u201cSaberes Educacionais, Inova\u00e7\u00e3o e Qualidade: territ\u00f3rios de constru\u00e7\u00e3o do ensino de gradua\u00e7\u00e3o\u201d, o Sepeduc\/2018 objetiva promover debates e trocas de experi\u00eancias sobre concep\u00e7\u00f5es e pr\u00e1ticas educacionais pautadas na busca pela qualidade, inova\u00e7\u00e3o e por \u2018saberes\u2019 diferenciados desenvolvidos em meio aos processos de ensino e aprendizagem na gradua\u00e7\u00e3o, como express\u00e3o de compromisso com a melhoria da educa\u00e7\u00e3o superior, nos diversos espa\u00e7os da UFPA.<\/p>\n<p style=\"text-align: justify;\"><strong>XIX Jornada de Extens\u00e3o<\/strong>\u00a0&#8211; A programa\u00e7\u00e3o da Pr\u00f3-Reitoria de Extens\u00e3o consistir\u00e1 da apresenta\u00e7\u00e3o dos Projetos de Extens\u00e3o dos Programas Pibex, Navega Saberes, Eixo Transversal e Proexia-Ema\u00fas. A novidade nessa edi\u00e7\u00e3o \u00e9 que ser\u00e1 assegurado o tempo de 20 minutos para a apresenta\u00e7\u00e3o de cada projeto, contemplando a participa\u00e7\u00e3o do coordenador e do discente, al\u00e9m de um tempo para o debate. A coordena\u00e7\u00e3o esclarece que todos os projetos, com bolsa, est\u00e3o pr\u00e9-inscritos. As declara\u00e7\u00f5es ser\u00e3o emitidas apenas para os membros respons\u00e1veis pela apresenta\u00e7\u00e3o dos projetos.<\/p>\n<p style=\"text-align: justify;\"><strong>Confer\u00eancia de abertura em Castanhal<\/strong> \u2013 Toda a comunidade acad\u00eamica est\u00e1 convidada a participar da confer\u00eancia de abertura do I Siepe em Castanhal, que ser\u00e1 realizada no dia 04 de outubro, \u00e0s 8h, no Audit\u00f3rio do GETI, com a presen\u00e7a da Coordena\u00e7\u00e3o Geral do Campus e dos coordenadores de Pesquisa e Extens\u00e3o. Em seguida, ser\u00e3o apresentadas as comunica\u00e7\u00f5es orais, de acordo com o cronograma dispon\u00edvel <a href=\"http:\/\/campuscastanhal.ufpa.br\/wp-content\/uploads\/2018\/arquivospdf\/10.outubro\/SIEPE_Castanhal_Novo.pdf\" target=\"_blank\" rel=\"noopener\"><strong>aqui<\/strong><\/a>.<\/p>\n<p style=\"text-align: justify;\">Texto: Ascom UFPA\/Bel\u00e9m, com adapta\u00e7\u00f5es da Ascom UFPA\/Castanhal<br \/>\nArte: Divulga\u00e7\u00e3o<\/p>\n<p>&nbsp;<\/p>\n","protected":false},"excerpt":{"rendered":"<p>Entende-se por integrar, fazer a composi\u00e7\u00e3o, a complementa\u00e7\u00e3o, a incorpora\u00e7\u00e3o, compor um conjunto formando um todo coerente, interligar o geral e o particular, o global e o local, as partes e o todo. Nesse vi\u00e9s, ter\u00e1 palco, na Universidade Federal do Par\u00e1 (UFPA), o I Semin\u00e1rio Integrado de Ensino, Pesquisa e Extens\u00e3o (Siepe), que ocorre [&hellip;]<\/p>\n","protected":false},"author":2,"featured_media":0,"comment_status":"open","ping_status":"open","sticky":false,"template":"","format":"standard","meta":{"_exactmetrics_skip_tracking":false},"categories":[1],"tags":[],"_links":{"self":[{"href":"https:\/\/campuscastanhal.ufpa.br\/index.php?rest_route=\/wp\/v2\/posts\/1647"}],"collection":[{"href":"https:\/\/campuscastanhal.ufpa.br\/index.php?rest_route=\/wp\/v2\/posts"}],"about":[{"href":"https:\/\/campuscastanhal.ufpa.br\/index.php?rest_route=\/wp\/v2\/types\/post"}],"author":[{"embeddable":true,"href":"https:\/\/campuscastanhal.ufpa.br\/index.php?rest_route=\/wp\/v2\/users\/2"}],"replies":[{"embeddable":true,"href":"https:\/\/campuscastanhal.ufpa.br\/index.php?rest_route=%2Fwp%2Fv2%2Fcomments&post=1647"}],"version-history":[{"count":3,"href":"https:\/\/campuscastanhal.ufpa.br\/index.php?rest_route=\/wp\/v2\/posts\/1647\/revisions"}],"predecessor-version":[{"id":1668,"href":"https:\/\/campuscastanhal.ufpa.br\/index.php?rest_route=\/wp\/v2\/posts\/1647\/revisions\/1668"}],"wp:attachment":[{"href":"https:\/\/campuscastanhal.ufpa.br\/index.php?rest_route=%2Fwp%2Fv2%2Fmedia&parent=1647"}],"wp:term":[{"taxonomy":"category","embeddable":true,"href":"https:\/\/campuscastanhal.ufpa.br\/index.php?rest_route=%2Fwp%2Fv2%2Fcategories&post=1647"},{"taxonomy":"post_tag","embeddable":true,"href":"https:\/\/campuscastanhal.ufpa.br\/index.php?rest_route=%2Fwp%2Fv2%2Ftags&post=1647"}],"curies":[{"name":"wp","href":"https:\/\/api.w.org\/{rel}","templated":true}]}}