{"id":1680,"date":"2018-10-08T11:09:28","date_gmt":"2018-10-08T14:09:28","guid":{"rendered":"https:\/\/campuscastanhal.ufpa.br\/?p=1680"},"modified":"2018-10-08T11:10:16","modified_gmt":"2018-10-08T14:10:16","slug":"ii-siepex-prazo-para-submissao-de-trabalhos-e-prorrogado-ate-esta-quinta","status":"publish","type":"post","link":"https:\/\/campuscastanhal.ufpa.br\/?p=1680","title":{"rendered":"II SIEPEX: prazo para submiss\u00e3o de trabalhos \u00e9 prorrogado at\u00e9 esta quinta"},"content":{"rendered":"<p style=\"text-align: justify;\"><img decoding=\"async\" loading=\"lazy\" class=\"size-full wp-image-1682 aligncenter\" src=\"https:\/\/campuscastanhal.ufpa.br\/wp-content\/uploads\/2018\/imagens\/10.outubro\/SIEPEX.png\" alt=\"\" width=\"550\" height=\"300\" \/><\/p>\n<p style=\"text-align: justify;\">As Comiss\u00f5es Coordenadora e Organizadora do II Simp\u00f3sio de Ensino, Pesquisa e Extens\u00e3o (SIEPEX) do Campus de Castanhal prorrogaram o prazo para submiss\u00e3o de trabalhos at\u00e9 as 17h do dia 11\/10\/2018. Com isso, outras datas do cronograma tamb\u00e9m foram alteradas. Clique <a href=\"http:\/\/campuscastanhal.ufpa.br\/wp-content\/uploads\/2018\/arquivospdf\/10.outubro\/CRONOGRAMA_SIEPEX_NOVO.pdf\" target=\"_blank\" rel=\"noopener\"><strong>aqui<\/strong><\/a> para conferir.<\/p>\n<p style=\"text-align: justify;\">Podem submeter trabalhos ao evento, nas modalidades Comunica\u00e7\u00e3o Oral e P\u00f4ster, apenas t\u00e9cnicos, alunos e professores da UFPA\/Castanhal. O site para submiss\u00e3o \u00e9\u00a0<a href=\"http:\/\/www.siexcastanhal.com.br\" target=\"_blank\" rel=\"noopener\">www.siexcastanhal.com.br<\/a>.<\/p>\n<p style=\"text-align: justify;\">O SIEPEX 2018 vai ocorrer nos dias 30 e 31 de outubro e 1\u00ba de novembro. A programa\u00e7\u00e3o congrega v\u00e1rios eventos ligados aos 8 cursos de gradua\u00e7\u00e3o da UFPA\/Castanhal, aos 4 programas de P\u00f3s-Gradua\u00e7\u00e3o e aos 3 Programas de Resid\u00eancia M\u00e9dica Veterin\u00e1ria: I Col\u00f3quio Mesorregional; I Semin\u00e1rio de Pesquisa do Programa de P\u00f3s-Gradua\u00e7\u00e3o em Matem\u00e1tica \u2013 PROFMAT; II Semin\u00e1rio de Pesquisa do Programa de P\u00f3s-Gradua\u00e7\u00e3o em Estudos Antr\u00f3picos na Amaz\u00f4nia \u2013 PPGEAA\/UFPA; II Semin\u00e1rio sobre Forma\u00e7\u00e3o Docente nas Licenciaturas; XII Semin\u00e1rio de Extens\u00e3o do Programa Grupo de Educa\u00e7\u00e3o na Terceira Idade \u2013 GETI\/UFPA.<\/p>\n<p style=\"text-align: justify;\">O evento \u00e9 aberto a alunos e profissionais de qualquer institui\u00e7\u00e3o de ensino superior, seja p\u00fablica ou privada e vai apresentar \u00e0 comunidade os trabalhos produzidos por t\u00e9cnicos, professores e alunos da UFPA\/Castanhal em diversas \u00e1reas de conhecimento.<\/p>\n<p style=\"text-align: justify;\">Pelo novo cronograma, a inscri\u00e7\u00e3o para ouvintes deve ser realizada at\u00e9 19 de outubro, no <a href=\"http:\/\/www.siexcastanhal.com.br\">site.<\/a><\/p>\n<p style=\"text-align: justify;\">Para mais informa\u00e7\u00f5es sobre o evento, leia o <a href=\"http:\/\/siexcastanhal.com.br\/EDITAL_SIEPEX.pdf\" target=\"_blank\" rel=\"noopener\">Edital.<\/a><\/p>\n<p style=\"text-align: justify;\">Texto: Paula Lopes \u2013 Ascom UFPA\/Castanhal<\/p>\n","protected":false},"excerpt":{"rendered":"<p>As Comiss\u00f5es Coordenadora e Organizadora do II Simp\u00f3sio de Ensino, Pesquisa e Extens\u00e3o (SIEPEX) do Campus de Castanhal prorrogaram o prazo para submiss\u00e3o de trabalhos at\u00e9 as 17h do dia 11\/10\/2018. Com isso, outras datas do cronograma tamb\u00e9m foram alteradas. Clique aqui para conferir. Podem submeter trabalhos ao evento, nas modalidades Comunica\u00e7\u00e3o Oral e P\u00f4ster, [&hellip;]<\/p>\n","protected":false},"author":2,"featured_media":1682,"comment_status":"open","ping_status":"open","sticky":false,"template":"","format":"standard","meta":{"_exactmetrics_skip_tracking":false,"_exactmetrics_sitenote_active":false,"_exactmetrics_sitenote_note":"","_exactmetrics_sitenote_category":0},"categories":[1],"tags":[],"_links":{"self":[{"href":"https:\/\/campuscastanhal.ufpa.br\/index.php?rest_route=\/wp\/v2\/posts\/1680"}],"collection":[{"href":"https:\/\/campuscastanhal.ufpa.br\/index.php?rest_route=\/wp\/v2\/posts"}],"about":[{"href":"https:\/\/campuscastanhal.ufpa.br\/index.php?rest_route=\/wp\/v2\/types\/post"}],"author":[{"embeddable":true,"href":"https:\/\/campuscastanhal.ufpa.br\/index.php?rest_route=\/wp\/v2\/users\/2"}],"replies":[{"embeddable":true,"href":"https:\/\/campuscastanhal.ufpa.br\/index.php?rest_route=%2Fwp%2Fv2%2Fcomments&post=1680"}],"version-history":[{"count":2,"href":"https:\/\/campuscastanhal.ufpa.br\/index.php?rest_route=\/wp\/v2\/posts\/1680\/revisions"}],"predecessor-version":[{"id":1684,"href":"https:\/\/campuscastanhal.ufpa.br\/index.php?rest_route=\/wp\/v2\/posts\/1680\/revisions\/1684"}],"wp:featuredmedia":[{"embeddable":true,"href":"https:\/\/campuscastanhal.ufpa.br\/index.php?rest_route=\/wp\/v2\/media\/1682"}],"wp:attachment":[{"href":"https:\/\/campuscastanhal.ufpa.br\/index.php?rest_route=%2Fwp%2Fv2%2Fmedia&parent=1680"}],"wp:term":[{"taxonomy":"category","embeddable":true,"href":"https:\/\/campuscastanhal.ufpa.br\/index.php?rest_route=%2Fwp%2Fv2%2Fcategories&post=1680"},{"taxonomy":"post_tag","embeddable":true,"href":"https:\/\/campuscastanhal.ufpa.br\/index.php?rest_route=%2Fwp%2Fv2%2Ftags&post=1680"}],"curies":[{"name":"wp","href":"https:\/\/api.w.org\/{rel}","templated":true}]}}