{"id":1811,"date":"2018-10-31T14:17:16","date_gmt":"2018-10-31T16:17:16","guid":{"rendered":"https:\/\/campuscastanhal.ufpa.br\/?p=1811"},"modified":"2018-10-31T14:19:35","modified_gmt":"2018-10-31T16:19:35","slug":"apresentacoes-de-trabalhos-do-ii-seminario-sobre-formacao-docente-nas-licenciaturas-marcam-segundo-dia-do-siepex","status":"publish","type":"post","link":"https:\/\/campuscastanhal.ufpa.br\/?p=1811","title":{"rendered":"Apresenta\u00e7\u00f5es de trabalhos do II Semin\u00e1rio sobre Forma\u00e7\u00e3o Docente nas Licenciaturas marcam segundo dia do SIEPEX"},"content":{"rendered":"<p style=\"text-align: justify;\">A manh\u00e3 do segundo dia do II Simp\u00f3sio de Ensino, Pesquisa e Extens\u00e3o (SIEPEX) do Campus da UFPA em Castanhal foi reservada para as apresenta\u00e7\u00f5es das comunica\u00e7\u00f5es orais do II Semin\u00e1rio sobre Forma\u00e7\u00e3o Docente nas Licenciaturas, evento que faz parte da programa\u00e7\u00e3o do Simp\u00f3sio em 2018.<\/p>\n<p style=\"text-align: justify;\"><img decoding=\"async\" loading=\"lazy\" class=\"wp-image-1809 alignleft\" src=\"https:\/\/campuscastanhal.ufpa.br\/wp-content\/uploads\/2018\/imagens\/10.outubro\/SIEPEX10.JPG\" alt=\"\" width=\"368\" height=\"245\" \/>O professor Antonio Valdir Monteiro Duarte, diretor da Faculdade de Educa\u00e7\u00e3o F\u00edsica e membro da Comiss\u00e3o Organizadora do II Semin\u00e1rio sobre Forma\u00e7\u00e3o Docente destacou os pontos principais do evento, que iniciou com uma mesa-redonda na noite do dia 30.<\/p>\n<p style=\"text-align: justify;\">\u201cN\u00f3s seguimos uma din\u00e2mica semelhante a do primeiro semin\u00e1rio, que buscou trazer, para dentro do espa\u00e7o acad\u00eamico, as produ\u00e7\u00f5es que os estudantes realizaram nas escolas durante os est\u00e1gios curriculares. A ideia de reunir todas as licenciaturas do Campus objetiva a constru\u00e7\u00e3o de um grupo homog\u00eaneo, que possa pensar em instrumentos parecidos para todos os cursos no que se refere ao est\u00e1gio,\u201d esclareceu o professor Antonio Valdir, que tamb\u00e9m falou sobre as expectativas para o pr\u00f3ximo Semin\u00e1rio, que ser\u00e1 realizado em 2019.<\/p>\n<p style=\"text-align: justify;\">\u201cPensamos em trazer os professores e os gestores das escolas que recebem esses estagi\u00e1rios, para que eles participem de mesas de debates. Tamb\u00e9m queremos ampliar o formato das apresenta\u00e7\u00f5es, trazendo a modalidade relato de experi\u00eancias, onde os docentes das escolas atendidas possam contar como se d\u00e3o as rela\u00e7\u00f5es com os nossos alunos. Assim, ser\u00e1 poss\u00edvel identificar poss\u00edveis lacunas existentes entre a forma\u00e7\u00e3o e a pr\u00e1tica pedag\u00f3gica nesses espa\u00e7os,\u201d complementou.<\/p>\n<p style=\"text-align: justify;\"><strong>Comunica\u00e7\u00f5es Orais<\/strong> &#8211; A discente de Pedagogia, Francisca Elaine Nascimento, que apresentou o trabalho \u201cExperi\u00eancias Pedag\u00f3gicas nas S\u00e9ries Iniciais a partir do Est\u00e1gio de Reg\u00eancia no Munic\u00edpio de Castanhal\/Pa\u201d, destacou as experi\u00eancias vivenciadas durante o est\u00e1gio.<\/p>\n<p style=\"text-align: justify;\"><img decoding=\"async\" loading=\"lazy\" class=\"wp-image-1810 alignleft\" src=\"https:\/\/campuscastanhal.ufpa.br\/wp-content\/uploads\/2018\/imagens\/10.outubro\/SIEPEX11.JPG\" alt=\"\" width=\"362\" height=\"241\" \/>\u201cEu pude relacionar a teoria com a pr\u00e1tica, vendo isso no contexto escolar, o que gerou um aprendizado sobre como o professor deve atuar em sala de aula\u201d.<\/p>\n<p style=\"text-align: justify;\">Francisca Elaine falou, ainda, sobre as contribui\u00e7\u00f5es do evento para a sua forma\u00e7\u00e3o.<\/p>\n<p style=\"text-align: justify;\">\u201cO evento integra todas as licenciaturas do Campus de Castanhal e possibilita a socializa\u00e7\u00e3o de conhecimentos produzidos pelos graduandos, contribuindo com a aprendizagem e com a pesquisa na universidade\u201d, concluiu.<\/p>\n<p style=\"text-align: justify;\">Texto e fotos: Paula Lopes \u2013 Ascom UFPA\/Castanhal<\/p>\n","protected":false},"excerpt":{"rendered":"<p>A manh\u00e3 do segundo dia do II Simp\u00f3sio de Ensino, Pesquisa e Extens\u00e3o (SIEPEX) do Campus da UFPA em Castanhal foi reservada para as apresenta\u00e7\u00f5es das comunica\u00e7\u00f5es orais do II Semin\u00e1rio sobre Forma\u00e7\u00e3o Docente nas Licenciaturas, evento que faz parte da programa\u00e7\u00e3o do Simp\u00f3sio em 2018. O professor Antonio Valdir Monteiro Duarte, diretor da Faculdade [&hellip;]<\/p>\n","protected":false},"author":2,"featured_media":0,"comment_status":"open","ping_status":"open","sticky":false,"template":"","format":"standard","meta":{"_exactmetrics_skip_tracking":false},"categories":[1],"tags":[],"_links":{"self":[{"href":"https:\/\/campuscastanhal.ufpa.br\/index.php?rest_route=\/wp\/v2\/posts\/1811"}],"collection":[{"href":"https:\/\/campuscastanhal.ufpa.br\/index.php?rest_route=\/wp\/v2\/posts"}],"about":[{"href":"https:\/\/campuscastanhal.ufpa.br\/index.php?rest_route=\/wp\/v2\/types\/post"}],"author":[{"embeddable":true,"href":"https:\/\/campuscastanhal.ufpa.br\/index.php?rest_route=\/wp\/v2\/users\/2"}],"replies":[{"embeddable":true,"href":"https:\/\/campuscastanhal.ufpa.br\/index.php?rest_route=%2Fwp%2Fv2%2Fcomments&post=1811"}],"version-history":[{"count":3,"href":"https:\/\/campuscastanhal.ufpa.br\/index.php?rest_route=\/wp\/v2\/posts\/1811\/revisions"}],"predecessor-version":[{"id":1815,"href":"https:\/\/campuscastanhal.ufpa.br\/index.php?rest_route=\/wp\/v2\/posts\/1811\/revisions\/1815"}],"wp:attachment":[{"href":"https:\/\/campuscastanhal.ufpa.br\/index.php?rest_route=%2Fwp%2Fv2%2Fmedia&parent=1811"}],"wp:term":[{"taxonomy":"category","embeddable":true,"href":"https:\/\/campuscastanhal.ufpa.br\/index.php?rest_route=%2Fwp%2Fv2%2Fcategories&post=1811"},{"taxonomy":"post_tag","embeddable":true,"href":"https:\/\/campuscastanhal.ufpa.br\/index.php?rest_route=%2Fwp%2Fv2%2Ftags&post=1811"}],"curies":[{"name":"wp","href":"https:\/\/api.w.org\/{rel}","templated":true}]}}