{"id":1851,"date":"2018-11-07T18:22:29","date_gmt":"2018-11-07T20:22:29","guid":{"rendered":"https:\/\/campuscastanhal.ufpa.br\/?p=1851"},"modified":"2018-11-07T18:22:29","modified_gmt":"2018-11-07T20:22:29","slug":"minimaratona-aquatica-do-campus-de-castanhal-sera-no-dia-15","status":"publish","type":"post","link":"https:\/\/campuscastanhal.ufpa.br\/?p=1851","title":{"rendered":"Minimaratona Aqu\u00e1tica do Campus de Castanhal ser\u00e1 no dia 15"},"content":{"rendered":"<p><img decoding=\"async\" loading=\"lazy\" class=\"wp-image-1850 aligncenter\" src=\"https:\/\/campuscastanhal.ufpa.br\/wp-content\/uploads\/2018\/imagens\/11.novembro\/minimaratona.jpeg\" alt=\"\" width=\"378\" height=\"206\" \/><\/p>\n<p style=\"text-align: justify;\">O projeto de extens\u00e3o &#8220;Atividades Aqu\u00e1ticas&#8221;, da Faculdade de Educa\u00e7\u00e3o F\u00edsica do Campus de Castanhal, promove mais uma Minimaratona Aqu\u00e1tica de 2h. O evento ser\u00e1 realizado no feriado de 15 de novembro, quinta-feira, das 8h30 \u00e0s 10h30.<\/p>\n<p style=\"text-align: justify;\">As inscri\u00e7\u00f5es ser\u00e3o realizadas no parque aqu\u00e1tico do Campus I (Jaderl\u00e2ndia), no dia do evento, das 07h30 \u00e0s 08h15.<\/p>\n<p style=\"text-align: justify;\">Os participantes ser\u00e3o divididos em equipes mistas e dever\u00e3o nadar em forma de revezamento por 2h.<\/p>\n<p style=\"text-align: justify;\">O coordenador da programa\u00e7\u00e3o, professor S\u00e9rgio Nassar, fala sobre os objetivos da minimaratona e informa quem \u00e9 o p\u00fablico-alvo.<\/p>\n<p style=\"text-align: justify;\">\u201cO evento visa divulgar a pr\u00e1tica da nata\u00e7\u00e3o. Poder\u00e3o se inscrever todos aqueles que s\u00e3o apaixonados pelo mundo aqu\u00e1tico e que sejam praticantes da modalidade\u201d.<\/p>\n<p style=\"text-align: justify;\">Texto: Divulga\u00e7\u00e3o<\/p>\n","protected":false},"excerpt":{"rendered":"<p>O projeto de extens\u00e3o &#8220;Atividades Aqu\u00e1ticas&#8221;, da Faculdade de Educa\u00e7\u00e3o F\u00edsica do Campus de Castanhal, promove mais uma Minimaratona Aqu\u00e1tica de 2h. O evento ser\u00e1 realizado no feriado de 15 de novembro, quinta-feira, das 8h30 \u00e0s 10h30. As inscri\u00e7\u00f5es ser\u00e3o realizadas no parque aqu\u00e1tico do Campus I (Jaderl\u00e2ndia), no dia do evento, das 07h30 \u00e0s [&hellip;]<\/p>\n","protected":false},"author":2,"featured_media":1850,"comment_status":"open","ping_status":"open","sticky":false,"template":"","format":"standard","meta":{"_exactmetrics_skip_tracking":false,"_exactmetrics_sitenote_active":false,"_exactmetrics_sitenote_note":"","_exactmetrics_sitenote_category":0},"categories":[25],"tags":[],"_links":{"self":[{"href":"https:\/\/campuscastanhal.ufpa.br\/index.php?rest_route=\/wp\/v2\/posts\/1851"}],"collection":[{"href":"https:\/\/campuscastanhal.ufpa.br\/index.php?rest_route=\/wp\/v2\/posts"}],"about":[{"href":"https:\/\/campuscastanhal.ufpa.br\/index.php?rest_route=\/wp\/v2\/types\/post"}],"author":[{"embeddable":true,"href":"https:\/\/campuscastanhal.ufpa.br\/index.php?rest_route=\/wp\/v2\/users\/2"}],"replies":[{"embeddable":true,"href":"https:\/\/campuscastanhal.ufpa.br\/index.php?rest_route=%2Fwp%2Fv2%2Fcomments&post=1851"}],"version-history":[{"count":1,"href":"https:\/\/campuscastanhal.ufpa.br\/index.php?rest_route=\/wp\/v2\/posts\/1851\/revisions"}],"predecessor-version":[{"id":1852,"href":"https:\/\/campuscastanhal.ufpa.br\/index.php?rest_route=\/wp\/v2\/posts\/1851\/revisions\/1852"}],"wp:featuredmedia":[{"embeddable":true,"href":"https:\/\/campuscastanhal.ufpa.br\/index.php?rest_route=\/wp\/v2\/media\/1850"}],"wp:attachment":[{"href":"https:\/\/campuscastanhal.ufpa.br\/index.php?rest_route=%2Fwp%2Fv2%2Fmedia&parent=1851"}],"wp:term":[{"taxonomy":"category","embeddable":true,"href":"https:\/\/campuscastanhal.ufpa.br\/index.php?rest_route=%2Fwp%2Fv2%2Fcategories&post=1851"},{"taxonomy":"post_tag","embeddable":true,"href":"https:\/\/campuscastanhal.ufpa.br\/index.php?rest_route=%2Fwp%2Fv2%2Ftags&post=1851"}],"curies":[{"name":"wp","href":"https:\/\/api.w.org\/{rel}","templated":true}]}}