{"id":1874,"date":"2018-11-13T18:04:40","date_gmt":"2018-11-13T20:04:40","guid":{"rendered":"https:\/\/campuscastanhal.ufpa.br\/?p=1874"},"modified":"2018-11-13T18:04:40","modified_gmt":"2018-11-13T20:04:40","slug":"chapa-humanidade-trabalho-e-transparencia-propoe-debates-com-a-comunidade-academica","status":"publish","type":"post","link":"https:\/\/campuscastanhal.ufpa.br\/?p=1874","title":{"rendered":"Chapa \u201cHumanidade, trabalho e transpar\u00eancia\u201d prop\u00f5e debates com a comunidade acad\u00eamica"},"content":{"rendered":"<p style=\"text-align: justify;\"><img decoding=\"async\" loading=\"lazy\" class=\"wp-image-1873 aligncenter\" src=\"https:\/\/campuscastanhal.ufpa.br\/wp-content\/uploads\/2018\/imagens\/11.novembro\/debate.jpg\" alt=\"\" width=\"380\" height=\"207\" \/><br \/>\nO Conselho Universit\u00e1rio do Campus da UFPA\/Castanhal homologou, no dia 26 de outubro, durante a 10\u00aa Reuni\u00e3o Ordin\u00e1ria, a inscri\u00e7\u00e3o de uma chapa que participar\u00e1 do processo de escolha de docentes aos cargos de Coordenador e Vice-Coordenador para o quadri\u00eanio 2019\/2023.<\/p>\n<p>De acordo com a Comiss\u00e3o Consultiva, inscreveu-se no pleito apenas a chapa \u201cHumanidade, trabalho e transpar\u00eancia\u201d, composta pelos seguintes membros: Coordenador: Bruno Souza Lyra Castro; Vice-Coordenador: Francisco Valdnei dos Santos Anjos; Divis\u00e3o de Ensino: Dalva de C\u00e1ssia Sampaio dos Santos; Divis\u00e3o de Pesquisa e P\u00f3s-gradua\u00e7\u00e3o: Gustavo G\u00f3es Cavalcante; Divis\u00e3o de Extens\u00e3o: Gerl\u00e2ndia de Castro Silva Thijm.<\/p>\n<p>Com o intuito de ouvir a comunidade acad\u00eamica e apresentar seu <a href=\"http:\/\/campuscastanhal.ufpa.br\/wp-content\/uploads\/2018\/arquivospdf\/11.novembro\/Plano_Gestao_chapa_2019.pdf\" target=\"_blank\" rel=\"noopener\"><strong>Plano de Gest\u00e3o<\/strong><\/a>, a chapa prop\u00f5e uma agenda de debates nos dias 19 e 20 de novembro, de acordo com o calend\u00e1rio abaixo. Cada categoria pode participar no hor\u00e1rio que lhe for mais conveniente.<\/p>\n<p><strong>Dia 19\/11 &#8211; Campus I (Audit\u00f3rio Central)<\/strong><br \/>\nHOR\u00c1RIO DA MANH\u00c3<br \/>\n&#8211; Debate com T\u00e9cnicos-administrativos (08h \u00e0s 09h)<br \/>\n&#8211; Debate com Docentes (09h \u00e0s 10h)<br \/>\n&#8211; Debate com Discentes (10h \u00e0s 11h)<\/p>\n<p style=\"text-align: justify;\">HOR\u00c1RIO DA TARDE<br \/>\n&#8211; Debate com T\u00e9cnicos-administrativos (14h \u00e0s 15h)<br \/>\n&#8211; Debate com Docentes (15h \u00e0s 16h)<br \/>\n&#8211; Debate com Discentes (16h \u00e0s 17h)<\/p>\n<p style=\"text-align: justify;\">HOR\u00c1RIO DA NOITE<br \/>\n&#8211; Debate com Discentes (18h \u00e0s 19h)<br \/>\n&#8211; Debate com T\u00e9cnicos (19h \u00e0s 20h)<br \/>\n&#8211; Debate com Docentes (20h \u00e0s 21h)<\/p>\n<p style=\"text-align: justify;\"><strong>Dia 20\/11 &#8211; Campus II (Sala 2 &#8211; PPGSAAM)<\/strong><br \/>\nHOR\u00c1RIO DA MANH\u00c3<br \/>\n&#8211; Debate com T\u00e9cnicos-administrativos (08h \u00e0s 09h)<br \/>\n&#8211; Debate com Docentes (09h \u00e0s 10h)<br \/>\n&#8211; Debate com Discentes (10h \u00e0s 11h)<\/p>\n<p style=\"text-align: justify;\">HOR\u00c1RIO DA TARDE<br \/>\n&#8211; Debate com T\u00e9cnicos-administrativos (14h \u00e0s 15h)<br \/>\n&#8211; Debate com Docentes (15h \u00e0s 16h)<br \/>\n&#8211; Debate com Discentes (16h \u00e0s 17h)<\/p>\n<p>Todos os detalhes sobre o pleito podem ser consultadas no <strong><a href=\"http:\/\/campuscastanhal.ufpa.br\/wp-content\/uploads\/2018\/arquivospdf\/10.outubro\/Regimento_Eleicao.pdf\" target=\"_blank\" rel=\"noopener\">Regimento<\/a><\/strong>. Leia, tamb\u00e9m, a <a href=\"http:\/\/campuscastanhal.ufpa.br\/wp-content\/uploads\/2018\/arquivospdf\/10.outubro\/Errata.pdf\" target=\"_blank\" rel=\"noopener\"><strong>errata<\/strong> <\/a>ao Regimento.<\/p>\n<p>Texto: Paula Oliveira \u2013 Ascom UFPA\/Castanhal<\/p>\n","protected":false},"excerpt":{"rendered":"<p>O Conselho Universit\u00e1rio do Campus da UFPA\/Castanhal homologou, no dia 26 de outubro, durante a 10\u00aa Reuni\u00e3o Ordin\u00e1ria, a inscri\u00e7\u00e3o de uma chapa que participar\u00e1 do processo de escolha de docentes aos cargos de Coordenador e Vice-Coordenador para o quadri\u00eanio 2019\/2023. De acordo com a Comiss\u00e3o Consultiva, inscreveu-se no pleito apenas a chapa \u201cHumanidade, trabalho [&hellip;]<\/p>\n","protected":false},"author":2,"featured_media":1873,"comment_status":"open","ping_status":"open","sticky":false,"template":"","format":"standard","meta":{"_exactmetrics_skip_tracking":false},"categories":[1],"tags":[],"_links":{"self":[{"href":"https:\/\/campuscastanhal.ufpa.br\/index.php?rest_route=\/wp\/v2\/posts\/1874"}],"collection":[{"href":"https:\/\/campuscastanhal.ufpa.br\/index.php?rest_route=\/wp\/v2\/posts"}],"about":[{"href":"https:\/\/campuscastanhal.ufpa.br\/index.php?rest_route=\/wp\/v2\/types\/post"}],"author":[{"embeddable":true,"href":"https:\/\/campuscastanhal.ufpa.br\/index.php?rest_route=\/wp\/v2\/users\/2"}],"replies":[{"embeddable":true,"href":"https:\/\/campuscastanhal.ufpa.br\/index.php?rest_route=%2Fwp%2Fv2%2Fcomments&post=1874"}],"version-history":[{"count":1,"href":"https:\/\/campuscastanhal.ufpa.br\/index.php?rest_route=\/wp\/v2\/posts\/1874\/revisions"}],"predecessor-version":[{"id":1875,"href":"https:\/\/campuscastanhal.ufpa.br\/index.php?rest_route=\/wp\/v2\/posts\/1874\/revisions\/1875"}],"wp:featuredmedia":[{"embeddable":true,"href":"https:\/\/campuscastanhal.ufpa.br\/index.php?rest_route=\/wp\/v2\/media\/1873"}],"wp:attachment":[{"href":"https:\/\/campuscastanhal.ufpa.br\/index.php?rest_route=%2Fwp%2Fv2%2Fmedia&parent=1874"}],"wp:term":[{"taxonomy":"category","embeddable":true,"href":"https:\/\/campuscastanhal.ufpa.br\/index.php?rest_route=%2Fwp%2Fv2%2Fcategories&post=1874"},{"taxonomy":"post_tag","embeddable":true,"href":"https:\/\/campuscastanhal.ufpa.br\/index.php?rest_route=%2Fwp%2Fv2%2Ftags&post=1874"}],"curies":[{"name":"wp","href":"https:\/\/api.w.org\/{rel}","templated":true}]}}