{"id":1914,"date":"2018-11-21T14:33:57","date_gmt":"2018-11-21T16:33:57","guid":{"rendered":"https:\/\/campuscastanhal.ufpa.br\/?p=1914"},"modified":"2018-11-21T14:33:57","modified_gmt":"2018-11-21T16:33:57","slug":"projeto-crias-do-boi-promove-oficina-de-desenho","status":"publish","type":"post","link":"https:\/\/campuscastanhal.ufpa.br\/?p=1914","title":{"rendered":"Projeto Crias do Boi promove oficina de desenho"},"content":{"rendered":"<p style=\"text-align: justify;\"><img decoding=\"async\" loading=\"lazy\" class=\"wp-image-1911 alignleft\" src=\"https:\/\/campuscastanhal.ufpa.br\/wp-content\/uploads\/2018\/imagens\/11.novembro\/foto1.jpeg\" alt=\"\" width=\"260\" height=\"416\" \/>Coordenado pelo Dr. Jos\u00e9 Guilherme Fernandes, professor e coordenador do Programa de P\u00f3s-Gradua\u00e7\u00e3o em Estudos Antr\u00f3picos na Amaz\u00f4nia (PPGEAA), do Campus de Castanhal, com a participa\u00e7\u00e3o dos mestrandos Adna Maely Oliveira e Rodrigo Monteiro, o Projeto \u201cCrias do Boi: cultura popular e participa\u00e7\u00e3o comunit\u00e1ria na pesquisa colaborativa do Boi de M\u00e1scaras em S\u00e3o Caetano de Odivelas (Pa)\u201d promoveu, no dia 17\/11\/2018, a segunda parte de oficinas voltadas para a produ\u00e7\u00e3o de material escrito e visual.<\/p>\n<p style=\"text-align: justify;\">O objetivo das oficinas \u00e9 ilustrar uma cartilha que ser\u00e1 publicada a partir das experi\u00eancias de adolescentes praticantes da manifesta\u00e7\u00e3o de cultura popular do Boi de M\u00e1scaras, na cidade do salgado paraense.<\/p>\n<p style=\"text-align: justify;\"><strong>Pr\u00eamio<\/strong> &#8211; O \u201cCrias do Boi\u201d foi contemplado pelo VI Pr\u00eamio Proex de Arte e Cultura\/2017, na linha Mem\u00f3ria e Patrim\u00f4nio, atendendo ao objetivo do edital de estimular a produ\u00e7\u00e3o cultural enquanto forma de conhecimento e valoriza\u00e7\u00e3o da inser\u00e7\u00e3o social. Por isso, a op\u00e7\u00e3o da coordena\u00e7\u00e3o pelo desenvolvimento de pesquisa colaborativa, que implica em efetiva participa\u00e7\u00e3o dos praticantes de determinada manifesta\u00e7\u00e3o cultural como pesquisadores e produtores de sua pr\u00f3pria realidade (universo de pr\u00e1tica), proporcionando n\u00e3o apenas um retorno ao seu meio, como tamb\u00e9m a reflex\u00e3o sobre suas pr\u00e1ticas e realidades, visando a sua transforma\u00e7\u00e3o, agora como produtores de seu saber, n\u00e3o apenas \u201cinformantes\u201d ao pesquisador.<\/p>\n<p style=\"text-align: justify;\"><img decoding=\"async\" loading=\"lazy\" class=\"wp-image-1913 alignleft\" src=\"https:\/\/campuscastanhal.ufpa.br\/wp-content\/uploads\/2018\/imagens\/11.novembro\/foto3.jpeg\" alt=\"\" width=\"248\" height=\"397\" \/>Eudes Aquino, artista pl\u00e1stico de S\u00e3o Caetano de Odivelas, destaca a relev\u00e2ncia da participa\u00e7\u00e3o da UFPA em um projeto que resgata a mem\u00f3ria e a tradi\u00e7\u00e3o do munic\u00edpio.<\/p>\n<p style=\"text-align: justify;\">\u201cEsse projeto vem valorizar a cultura do nosso munic\u00edpio. Ele ajuda a manter viva essa manifesta\u00e7\u00e3o cultural que \u00e9 singular no Estado do Par\u00e1. \u00c9 de suma import\u00e2ncia a participa\u00e7\u00e3o da UFPA, pois \u00e9 necess\u00e1rio que a gente crie um acervo e essa parceria vai ajudar a preservar a mem\u00f3ria, em se tratando da cultura do Boi de M\u00e1scaras.\u201d<\/p>\n<p style=\"text-align: justify;\"><strong>Boi de M\u00e1scaras<\/strong> &#8211; A origem da manifesta\u00e7\u00e3o da cultura popular do Boi de M\u00e1scaras na cidade de S\u00e3o Caetano de Odivelas, localizada na regi\u00e3o nordeste do Estado do Par\u00e1, remonta ao ano de 1937, quando um grupo de pescadores, em retorno de longa estada de trabalho no norte da ilha de Maraj\u00f3, resolve trazer, deste lugar, uma cabe\u00e7a de boi, ou quem sabe b\u00fafalo, \u00e0s v\u00e9speras do dia de S\u00e3o Jo\u00e3o, para fazer uma brincadeira de rua. De l\u00e1 para c\u00e1 a participa\u00e7\u00e3o popular nessa manifesta\u00e7\u00e3o, que \u00e9 uma variante do Boi Bumb\u00e1, s\u00f3 tem crescido numericamente ao longo dos anos. O motivo principal da brincadeira \u00e9 t\u00e3o-somente o \u201cdeixar-se estar\u201d na rua, como mutuca, ou acompanhante, do cortejo que segue, madrugada adentro, os bois, em sua trajet\u00f3ria de \u201ccartear\u201d, ou dan\u00e7ar e receber dinheiro e\/ou comidas e bebidas, pelas casas previamente acertadas para que o boi dance e brinque.<\/p>\n<p style=\"text-align: justify;\">Pela comicidade das personagens \u2013 o boi, os pierr\u00f4s ou mascarados, os cabe\u00e7udos ou cabe\u00e7\u00f5es, os buchudos \u2013, retratada em suas fantasias grotescas e evolu\u00e7\u00f5es hilariantes, \u00e9 estabelecida uma cumplicidade entre brincantes e mutucas, em jogo que vai da saltitante dan\u00e7a de marchas e sambas, passando pelas investidas do boi contra a multid\u00e3o, at\u00e9 a curiosidade de saber quem \u00e9 o brincante que se oculta por detr\u00e1s das m\u00e1scaras, e que emite unicamente sons guturais. Como aut\u00eantico teatro medieval de rua e das pra\u00e7as, o Boi de M\u00e1scaras resiste ao tempo porque, mesmo a despeito de sua moderniza\u00e7\u00e3o, observada na incorpora\u00e7\u00e3o de elementos da m\u00eddia, ele n\u00e3o perdeu aquilo que marca profundamente a cultura popular: a solidariedade.<\/p>\n<p style=\"text-align: justify;\"><strong>NUSC<\/strong>\u00a0&#8211; O projeto tamb\u00e9m conta com o apoio do N\u00facleo Universit\u00e1rio de S\u00e3o Caetano de Odivelas Prof. M\u00e1rio Chagas Fernandes (NUSC), parceria entre a Prefeitura do munic\u00edpio e a Universidade Federal do Par\u00e1, por meio do Campus Universit\u00e1rio de Castanhal. O NUSC foi inaugurado em 4 de julho deste ano, com a presen\u00e7a de autoridades municipais e do reitor da UFPA, Prof. Emannuel Tourinho, e tamb\u00e9m do Vice-Reitor, Gilmar Silva. O objetivo do N\u00facleo \u00e9 estabelecer di\u00e1logo e a\u00e7\u00f5es entre a universidade e a sociedade e institui\u00e7\u00f5es loco-regionais, promovendo a universaliza\u00e7\u00e3o do conhecimento e reconhecendo o protagonismo dos atores locais, com suas pr\u00e1ticas e saberes. Para 2019, haver\u00e1 a oferta de primeira turma de gradua\u00e7\u00e3o, em Letras, na modalidade intensiva, a partir de julho. O NUSC conta com coordena\u00e7\u00e3o acad\u00eamica da UFPA, estando \u00e0 frente o Prof. Dr. Jos\u00e9 Guilherme Fernandes.<\/p>\n<p style=\"text-align: justify;\">Texto e fotos: Divulga\u00e7\u00e3o<\/p>\n","protected":false},"excerpt":{"rendered":"<p>Coordenado pelo Dr. Jos\u00e9 Guilherme Fernandes, professor e coordenador do Programa de P\u00f3s-Gradua\u00e7\u00e3o em Estudos Antr\u00f3picos na Amaz\u00f4nia (PPGEAA), do Campus de Castanhal, com a participa\u00e7\u00e3o dos mestrandos Adna Maely Oliveira e Rodrigo Monteiro, o Projeto \u201cCrias do Boi: cultura popular e participa\u00e7\u00e3o comunit\u00e1ria na pesquisa colaborativa do Boi de M\u00e1scaras em S\u00e3o Caetano de [&hellip;]<\/p>\n","protected":false},"author":2,"featured_media":0,"comment_status":"open","ping_status":"open","sticky":false,"template":"","format":"standard","meta":{"_exactmetrics_skip_tracking":false,"_exactmetrics_sitenote_active":false,"_exactmetrics_sitenote_note":"","_exactmetrics_sitenote_category":0},"categories":[34],"tags":[],"_links":{"self":[{"href":"https:\/\/campuscastanhal.ufpa.br\/index.php?rest_route=\/wp\/v2\/posts\/1914"}],"collection":[{"href":"https:\/\/campuscastanhal.ufpa.br\/index.php?rest_route=\/wp\/v2\/posts"}],"about":[{"href":"https:\/\/campuscastanhal.ufpa.br\/index.php?rest_route=\/wp\/v2\/types\/post"}],"author":[{"embeddable":true,"href":"https:\/\/campuscastanhal.ufpa.br\/index.php?rest_route=\/wp\/v2\/users\/2"}],"replies":[{"embeddable":true,"href":"https:\/\/campuscastanhal.ufpa.br\/index.php?rest_route=%2Fwp%2Fv2%2Fcomments&post=1914"}],"version-history":[{"count":1,"href":"https:\/\/campuscastanhal.ufpa.br\/index.php?rest_route=\/wp\/v2\/posts\/1914\/revisions"}],"predecessor-version":[{"id":1915,"href":"https:\/\/campuscastanhal.ufpa.br\/index.php?rest_route=\/wp\/v2\/posts\/1914\/revisions\/1915"}],"wp:attachment":[{"href":"https:\/\/campuscastanhal.ufpa.br\/index.php?rest_route=%2Fwp%2Fv2%2Fmedia&parent=1914"}],"wp:term":[{"taxonomy":"category","embeddable":true,"href":"https:\/\/campuscastanhal.ufpa.br\/index.php?rest_route=%2Fwp%2Fv2%2Fcategories&post=1914"},{"taxonomy":"post_tag","embeddable":true,"href":"https:\/\/campuscastanhal.ufpa.br\/index.php?rest_route=%2Fwp%2Fv2%2Ftags&post=1914"}],"curies":[{"name":"wp","href":"https:\/\/api.w.org\/{rel}","templated":true}]}}