{"id":2202,"date":"2019-02-11T12:00:18","date_gmt":"2019-02-11T14:00:18","guid":{"rendered":"https:\/\/campuscastanhal.ufpa.br\/?p=2202"},"modified":"2019-02-11T12:00:18","modified_gmt":"2019-02-11T14:00:18","slug":"alunos-da-faculdade-de-computacao-sao-convocados-para-assembleia-extraordinaria","status":"publish","type":"post","link":"https:\/\/campuscastanhal.ufpa.br\/?p=2202","title":{"rendered":"Alunos da Faculdade de Computa\u00e7\u00e3o s\u00e3o convocados para assembleia extraordin\u00e1ria"},"content":{"rendered":"<p><img decoding=\"async\" loading=\"lazy\" class=\"alignnone size-full wp-image-2199 aligncenter\" src=\"https:\/\/campuscastanhal.ufpa.br\/wp-content\/uploads\/2019\/imagens\/02.fevereiro\/recomp.jpeg\" alt=\"\" width=\"550\" height=\"300\" \/><\/p>\n<p style=\"text-align: justify;\">A Representa\u00e7\u00e3o dos Estudantes de Computa\u00e7\u00e3o (RECOMP) convoca todos os discentes (calouros e veteranos) vinculados \u00e0 Faculdade de Computa\u00e7\u00e3o (FACOMP) do Campus de Castanhal a comparecerem \u00e0 Assembleia Extraordin\u00e1ria, que acontecer\u00e1 \u00e0s 14h30 do dia 15\/02 (sexta-feira), no audit\u00f3rio do GETI.<\/p>\n<p style=\"text-align: justify;\">Os assuntos abordados ser\u00e3o:<\/p>\n<p style=\"text-align: justify;\">&#8211; Oficializa\u00e7\u00e3o do Centro Acad\u00eamico,<\/p>\n<p style=\"text-align: justify;\">&#8211; Aprova\u00e7\u00e3o do primeiro estatuto,<\/p>\n<p style=\"text-align: justify;\">&#8211; Convoca\u00e7\u00e3o de elei\u00e7\u00e3o.<\/p>\n<p style=\"text-align: justify;\">Consulte <a href=\"https:\/\/drive.google.com\/file\/d\/1iq_MaOMuo5YAExZwqC12SVqqGH_wTxvl\/view?usp=drivesdk\" target=\"_blank\" rel=\"noopener\"><strong><u>aqui<\/u><\/strong> <\/a>estatuto da RECOMP.<\/p>\n<p style=\"text-align: justify;\">Texto e imagem: Divulga\u00e7\u00e3o<\/p>\n","protected":false},"excerpt":{"rendered":"<p>A Representa\u00e7\u00e3o dos Estudantes de Computa\u00e7\u00e3o (RECOMP) convoca todos os discentes (calouros e veteranos) vinculados \u00e0 Faculdade de Computa\u00e7\u00e3o (FACOMP) do Campus de Castanhal a comparecerem \u00e0 Assembleia Extraordin\u00e1ria, que acontecer\u00e1 \u00e0s 14h30 do dia 15\/02 (sexta-feira), no audit\u00f3rio do GETI. Os assuntos abordados ser\u00e3o: &#8211; Oficializa\u00e7\u00e3o do Centro Acad\u00eamico, &#8211; Aprova\u00e7\u00e3o do primeiro estatuto, [&hellip;]<\/p>\n","protected":false},"author":2,"featured_media":2199,"comment_status":"open","ping_status":"open","sticky":false,"template":"","format":"standard","meta":{"_exactmetrics_skip_tracking":false,"_exactmetrics_sitenote_active":false,"_exactmetrics_sitenote_note":"","_exactmetrics_sitenote_category":0},"categories":[41],"tags":[],"_links":{"self":[{"href":"https:\/\/campuscastanhal.ufpa.br\/index.php?rest_route=\/wp\/v2\/posts\/2202"}],"collection":[{"href":"https:\/\/campuscastanhal.ufpa.br\/index.php?rest_route=\/wp\/v2\/posts"}],"about":[{"href":"https:\/\/campuscastanhal.ufpa.br\/index.php?rest_route=\/wp\/v2\/types\/post"}],"author":[{"embeddable":true,"href":"https:\/\/campuscastanhal.ufpa.br\/index.php?rest_route=\/wp\/v2\/users\/2"}],"replies":[{"embeddable":true,"href":"https:\/\/campuscastanhal.ufpa.br\/index.php?rest_route=%2Fwp%2Fv2%2Fcomments&post=2202"}],"version-history":[{"count":1,"href":"https:\/\/campuscastanhal.ufpa.br\/index.php?rest_route=\/wp\/v2\/posts\/2202\/revisions"}],"predecessor-version":[{"id":2203,"href":"https:\/\/campuscastanhal.ufpa.br\/index.php?rest_route=\/wp\/v2\/posts\/2202\/revisions\/2203"}],"wp:featuredmedia":[{"embeddable":true,"href":"https:\/\/campuscastanhal.ufpa.br\/index.php?rest_route=\/wp\/v2\/media\/2199"}],"wp:attachment":[{"href":"https:\/\/campuscastanhal.ufpa.br\/index.php?rest_route=%2Fwp%2Fv2%2Fmedia&parent=2202"}],"wp:term":[{"taxonomy":"category","embeddable":true,"href":"https:\/\/campuscastanhal.ufpa.br\/index.php?rest_route=%2Fwp%2Fv2%2Fcategories&post=2202"},{"taxonomy":"post_tag","embeddable":true,"href":"https:\/\/campuscastanhal.ufpa.br\/index.php?rest_route=%2Fwp%2Fv2%2Ftags&post=2202"}],"curies":[{"name":"wp","href":"https:\/\/api.w.org\/{rel}","templated":true}]}}