{"id":2214,"date":"2019-02-13T16:09:26","date_gmt":"2019-02-13T18:09:26","guid":{"rendered":"https:\/\/campuscastanhal.ufpa.br\/?p=2214"},"modified":"2019-02-13T16:09:26","modified_gmt":"2019-02-13T18:09:26","slug":"metodologias-criativas-para-o-ensino-de-ciencias-serao-debatidas-em-palestra-no-nucleo-universitario-de-curuca","status":"publish","type":"post","link":"https:\/\/campuscastanhal.ufpa.br\/?p=2214","title":{"rendered":"Metodologias criativas para o ensino de Ci\u00eancias ser\u00e3o debatidas em palestra no N\u00facleo Universit\u00e1rio de Curu\u00e7\u00e1"},"content":{"rendered":"<p><img decoding=\"async\" loading=\"lazy\" class=\"wp-image-2213 aligncenter\" src=\"https:\/\/campuscastanhal.ufpa.br\/wp-content\/uploads\/2019\/imagens\/02.fevereiro\/nucleo-curu\u00e7a.jpg\" alt=\"\" width=\"407\" height=\"222\" \/><\/p>\n<p style=\"text-align: justify;\">No dia 15\/02\/2019, sexta-feira, ocorrer\u00e1 o I Workshop de Tecnologias para o Ensino de F\u00edsica, no N\u00facleo Universit\u00e1rio de Curu\u00e7\u00e1 \u2013 Profa. Jacira Nunes Ferreira. A programa\u00e7\u00e3o contar\u00e1 com a palestra intitulada \u201cEnsino H\u00edbrido e Aprendizagem Criativa no Ensino de Ci\u00eancias\u201d, realizada pelo Curso de F\u00edsica do N\u00facleo Universit\u00e1rio de Curu\u00e7\u00e1\/UFPA, com o apoio dos Campi de Ananindeua e Castanhal.<\/p>\n<p style=\"text-align: justify;\">A palestra ser\u00e1 proferida pelo Prof. Sandro Viana, que h\u00e1 dois anos vem desenvolvendo atividades de inicia\u00e7\u00e3o cient\u00edfica nas escolas de Educa\u00e7\u00e3o B\u00e1sica do munic\u00edpio de Ananindeua.<\/p>\n<p style=\"text-align: justify;\"><strong>O evento\u00a0<\/strong>\u2013<strong>\u00a0<\/strong>Contar\u00e1 com a participa\u00e7\u00e3o dos alunos do Curso de F\u00edsica do N\u00facleo Universit\u00e1rio de Curu\u00e7\u00e1 e \u00e9 aberto ao p\u00fablico em geral interessado na tem\u00e1tica. \u201cA inten\u00e7\u00e3o da palestra \u00e9 difundir o tema Ensino H\u00edbrido, que vem sendo bastante discutido e aplicado como metodologias ativas nas escolas brasileiras. Metodologia Ativa faz parte da ementa do componente curricular \u2013 Tecnologia para o Ensino de F\u00edsica, uma excelente iniciativa atrav\u00e9s da palestra para um amplo debate com os participantes\u201d, destacou o Prof. Dr. Marcos Costa, professor da disciplina.<\/p>\n<p style=\"text-align: justify;\"><strong>Programa\u00e7\u00e3o\u00a0<\/strong>\u2013<strong>\u00a0<\/strong>O credenciamento ocorrer\u00e1 \u00e0s 8 horas. A palestra iniciar\u00e1 \u00e0s 9h e, \u00e0s 10h, haver\u00e1 uma mostra de produtos educacionais dos alunos do curso de Licenciatura em F\u00edsica do N\u00facleo de Curu\u00e7\u00e1.<\/p>\n<p style=\"text-align: justify;\"><strong>Inscri\u00e7\u00f5es<\/strong>\u00a0\u2013<strong>\u00a0<\/strong>O evento \u00e9 gratuito, com inscri\u00e7\u00f5es realizadas no ato do credenciamento. Haver\u00e1 certificado de 5h para os participantes.<\/p>\n<p style=\"text-align: justify;\"><strong>Servi\u00e7o:<br \/>\n<\/strong>I Workshop de Tecnologias para o Ensino de F\u00edsica<br \/>\nPalestra: \u201cEnsino H\u00edbrido e Aprendizagem Criativa no Ensino de Ci\u00eancias\u201d<br \/>\nData: 15\/02\/2019<br \/>\nHor\u00e1rio: a partir das 8h (credenciamento)<br \/>\nLocal: Audit\u00f3rio do N\u00facleo Universit\u00e1rio de Curu\u00e7\u00e1 \u2013 Profa. Jacira Nunes Ferreira<br \/>\nInvestimento: Gratuito<\/p>\n<p style=\"text-align: justify;\">Texto: Faculdade de F\u00edsica\/Campus de Ananindeua<br \/>\nImagem: N\u00facleo de Curu\u00e7\u00e1 &#8211; Divulga\u00e7\u00e3o<\/p>\n","protected":false},"excerpt":{"rendered":"<p>No dia 15\/02\/2019, sexta-feira, ocorrer\u00e1 o I Workshop de Tecnologias para o Ensino de F\u00edsica, no N\u00facleo Universit\u00e1rio de Curu\u00e7\u00e1 \u2013 Profa. Jacira Nunes Ferreira. A programa\u00e7\u00e3o contar\u00e1 com a palestra intitulada \u201cEnsino H\u00edbrido e Aprendizagem Criativa no Ensino de Ci\u00eancias\u201d, realizada pelo Curso de F\u00edsica do N\u00facleo Universit\u00e1rio de Curu\u00e7\u00e1\/UFPA, com o apoio dos [&hellip;]<\/p>\n","protected":false},"author":2,"featured_media":2213,"comment_status":"open","ping_status":"open","sticky":false,"template":"","format":"standard","meta":{"_exactmetrics_skip_tracking":false,"_exactmetrics_sitenote_active":false,"_exactmetrics_sitenote_note":"","_exactmetrics_sitenote_category":0},"categories":[1],"tags":[],"_links":{"self":[{"href":"https:\/\/campuscastanhal.ufpa.br\/index.php?rest_route=\/wp\/v2\/posts\/2214"}],"collection":[{"href":"https:\/\/campuscastanhal.ufpa.br\/index.php?rest_route=\/wp\/v2\/posts"}],"about":[{"href":"https:\/\/campuscastanhal.ufpa.br\/index.php?rest_route=\/wp\/v2\/types\/post"}],"author":[{"embeddable":true,"href":"https:\/\/campuscastanhal.ufpa.br\/index.php?rest_route=\/wp\/v2\/users\/2"}],"replies":[{"embeddable":true,"href":"https:\/\/campuscastanhal.ufpa.br\/index.php?rest_route=%2Fwp%2Fv2%2Fcomments&post=2214"}],"version-history":[{"count":1,"href":"https:\/\/campuscastanhal.ufpa.br\/index.php?rest_route=\/wp\/v2\/posts\/2214\/revisions"}],"predecessor-version":[{"id":2215,"href":"https:\/\/campuscastanhal.ufpa.br\/index.php?rest_route=\/wp\/v2\/posts\/2214\/revisions\/2215"}],"wp:featuredmedia":[{"embeddable":true,"href":"https:\/\/campuscastanhal.ufpa.br\/index.php?rest_route=\/wp\/v2\/media\/2213"}],"wp:attachment":[{"href":"https:\/\/campuscastanhal.ufpa.br\/index.php?rest_route=%2Fwp%2Fv2%2Fmedia&parent=2214"}],"wp:term":[{"taxonomy":"category","embeddable":true,"href":"https:\/\/campuscastanhal.ufpa.br\/index.php?rest_route=%2Fwp%2Fv2%2Fcategories&post=2214"},{"taxonomy":"post_tag","embeddable":true,"href":"https:\/\/campuscastanhal.ufpa.br\/index.php?rest_route=%2Fwp%2Fv2%2Ftags&post=2214"}],"curies":[{"name":"wp","href":"https:\/\/api.w.org\/{rel}","templated":true}]}}