{"id":2221,"date":"2019-02-15T12:27:54","date_gmt":"2019-02-15T14:27:54","guid":{"rendered":"https:\/\/campuscastanhal.ufpa.br\/?p=2221"},"modified":"2019-02-15T12:27:54","modified_gmt":"2019-02-15T14:27:54","slug":"inscricoes-abertas-para-formacoes-na-area-da-inclusao-para-docentes-do-campus-de-castanhal","status":"publish","type":"post","link":"https:\/\/campuscastanhal.ufpa.br\/?p=2221","title":{"rendered":"Inscri\u00e7\u00f5es abertas para forma\u00e7\u00f5es na \u00e1rea da inclus\u00e3o para docentes do Campus de Castanhal"},"content":{"rendered":"<p><img decoding=\"async\" loading=\"lazy\" class=\"alignnone size-full wp-image-2219 aligncenter\" src=\"https:\/\/campuscastanhal.ufpa.br\/wp-content\/uploads\/2019\/imagens\/02.fevereiro\/formacoes.jpg\" alt=\"\" width=\"550\" height=\"300\" \/><\/p>\n<p>O N\u00facleo de Acessibilidade do Campus de Castanhal, o Grupo de Educa\u00e7\u00e3o Inclusiva da Regi\u00e3o Amaz\u00f4nica (Geira) e a Coordenadoria de Acessibilidade (CoAcess) est\u00e3o oferecendo, no m\u00eas de fevereiro, forma\u00e7\u00f5es sobre inclus\u00e3o para os docentes do Campus.<\/p>\n<p>Abaixo, a programa\u00e7\u00e3o dos cursos e os links para inscri\u00e7\u00e3o. Todos os cursos contam com carga hor\u00e1ria de 8 horas.<\/p>\n<p><strong>OFICINA DE LIBRAS PARA DOCENTES UNIVERSIT\u00c1RIOS<\/strong><\/p>\n<p>Rebeca dos Reis Glin (GEPLISES e NAcess)<\/p>\n<p>Data: 19\/02\/2019<br \/>\nHor\u00e1rio: 08:00 \u00e0s 18:00<br \/>\nObjetivo: Possibilitar a aprendizagem da L\u00edngua Brasileira de Sinais (Libras) de modo a garantir a acessibilidade no atendimento e comunica\u00e7\u00e3o com as pessoas surdas da comunidade acad\u00eamica no contexto de sala de aula.<br \/>\nInscri\u00e7\u00f5es pelo link<strong> <a href=\"https:\/\/goo.gl\/Va8EUs\" target=\"_blank\" rel=\"noopener\">(Whatsapp)<\/a><\/strong><\/p>\n<p><strong>ADAPTA\u00c7\u00d5ES NO ENSINO SUPERIOR PARA O ALUNO COM DEFICI\u00caNCIA VISUAL<\/strong><\/p>\n<p>Prof. Esp. Aguinaldo da Silva Barros (CoAcess)<\/p>\n<p>Paulo Jo\u00e3o Dourado da Silva Junior (CoAcess)<\/p>\n<p>Data: 20 e 21\/02\/2019<br \/>\nHor\u00e1rio: 14:00 \u00e0s 18:00<br \/>\nInscri\u00e7\u00f5es pelo link <a href=\"https:\/\/goo.gl\/Va8EUs\" target=\"_blank\" rel=\"noopener\"><strong>(Whatsapp)<\/strong><\/a><\/p>\n<p><strong>ADAPTA\u00c7\u00d5ES NO ENSINO SUPERIOR PARA O ALUNO COM TRANSTORNO DO ESPECTRO AUTISTA<\/strong><\/p>\n<p>Prof\u00aa. MSc. Rosilene Rodrigues Prado (CoAcess)<\/p>\n<p>Data: 20 e 21\/02\/2019<br \/>\nHor\u00e1rio: 08:00 \u00e0s 12:00<br \/>\nInscri\u00e7\u00f5es pelo link <strong><a href=\"https:\/\/goo.gl\/Va8EUs\" target=\"_blank\" rel=\"noopener\">(Whatsapp)<\/a><\/strong><\/p>\n<p>Texto e imagem: Divulga\u00e7\u00e3o<\/p>\n","protected":false},"excerpt":{"rendered":"<p>O N\u00facleo de Acessibilidade do Campus de Castanhal, o Grupo de Educa\u00e7\u00e3o Inclusiva da Regi\u00e3o Amaz\u00f4nica (Geira) e a Coordenadoria de Acessibilidade (CoAcess) est\u00e3o oferecendo, no m\u00eas de fevereiro, forma\u00e7\u00f5es sobre inclus\u00e3o para os docentes do Campus. Abaixo, a programa\u00e7\u00e3o dos cursos e os links para inscri\u00e7\u00e3o. Todos os cursos contam com carga hor\u00e1ria de [&hellip;]<\/p>\n","protected":false},"author":2,"featured_media":2219,"comment_status":"open","ping_status":"open","sticky":false,"template":"","format":"standard","meta":{"_exactmetrics_skip_tracking":false,"_exactmetrics_sitenote_active":false,"_exactmetrics_sitenote_note":"","_exactmetrics_sitenote_category":0},"categories":[1],"tags":[],"_links":{"self":[{"href":"https:\/\/campuscastanhal.ufpa.br\/index.php?rest_route=\/wp\/v2\/posts\/2221"}],"collection":[{"href":"https:\/\/campuscastanhal.ufpa.br\/index.php?rest_route=\/wp\/v2\/posts"}],"about":[{"href":"https:\/\/campuscastanhal.ufpa.br\/index.php?rest_route=\/wp\/v2\/types\/post"}],"author":[{"embeddable":true,"href":"https:\/\/campuscastanhal.ufpa.br\/index.php?rest_route=\/wp\/v2\/users\/2"}],"replies":[{"embeddable":true,"href":"https:\/\/campuscastanhal.ufpa.br\/index.php?rest_route=%2Fwp%2Fv2%2Fcomments&post=2221"}],"version-history":[{"count":1,"href":"https:\/\/campuscastanhal.ufpa.br\/index.php?rest_route=\/wp\/v2\/posts\/2221\/revisions"}],"predecessor-version":[{"id":2222,"href":"https:\/\/campuscastanhal.ufpa.br\/index.php?rest_route=\/wp\/v2\/posts\/2221\/revisions\/2222"}],"wp:featuredmedia":[{"embeddable":true,"href":"https:\/\/campuscastanhal.ufpa.br\/index.php?rest_route=\/wp\/v2\/media\/2219"}],"wp:attachment":[{"href":"https:\/\/campuscastanhal.ufpa.br\/index.php?rest_route=%2Fwp%2Fv2%2Fmedia&parent=2221"}],"wp:term":[{"taxonomy":"category","embeddable":true,"href":"https:\/\/campuscastanhal.ufpa.br\/index.php?rest_route=%2Fwp%2Fv2%2Fcategories&post=2221"},{"taxonomy":"post_tag","embeddable":true,"href":"https:\/\/campuscastanhal.ufpa.br\/index.php?rest_route=%2Fwp%2Fv2%2Ftags&post=2221"}],"curies":[{"name":"wp","href":"https:\/\/api.w.org\/{rel}","templated":true}]}}