{"id":2237,"date":"2019-03-18T10:19:08","date_gmt":"2019-03-18T13:19:08","guid":{"rendered":"https:\/\/campuscastanhal.ufpa.br\/?p=2237"},"modified":"2019-04-10T13:31:06","modified_gmt":"2019-04-10T16:31:06","slug":"inscricoes-abertas-para-auxilio-permanencia-e-moradia","status":"publish","type":"post","link":"https:\/\/campuscastanhal.ufpa.br\/?p=2237","title":{"rendered":"Inscri\u00e7\u00f5es abertas para Aux\u00edlio Perman\u00eancia e Moradia"},"content":{"rendered":"<p><img decoding=\"async\" loading=\"lazy\" class=\"alignnone size-full wp-image-2236 aligncenter\" src=\"https:\/\/campuscastanhal.ufpa.br\/wp-content\/uploads\/2019\/imagens\/02.fevereiro\/auxiliomoradiaSITE.jpg\" alt=\"\" width=\"550\" height=\"300\" \/><\/p>\n<p style=\"text-align: justify;\">A Universidade Federal do Par\u00e1 (UFPA), por meio da Superintend\u00eancia de Assist\u00eancia Estudantil (Saest), publicou o edital referente ao processo seletivo do <strong>Programa Perman\u00eancia<\/strong> nas modalidades <strong>Perman\u00eancia <\/strong>e<strong> Moradia<\/strong>, destinados a estudantes de cursos de gradua\u00e7\u00e3o em situa\u00e7\u00e3o de vulnerabilidade socioecon\u00f4mica.<\/p>\n<p style=\"text-align: justify;\">Os aux\u00edlios s\u00e3o destinados a estudantes que estejam cursando, prioritariamente, a primeira gradua\u00e7\u00e3o, na modalidade extensiva e n\u00e3o possuam condi\u00e7\u00f5es financeiras de arcar com o custeio integral ou parcial de despesas como moradia, alimenta\u00e7\u00e3o, transporte e material did\u00e1tico. A vig\u00eancia dos aux\u00edlios \u00e9 de 12 meses.<\/p>\n<p style=\"text-align: justify;\"><strong>Inscri\u00e7\u00f5es<\/strong> \u2013 As inscri\u00e7\u00f5es ser\u00e3o realizadas no per\u00edodo das 8h do dia 20 de fevereiro at\u00e9 \u00e0s 17h do dia 27 de mar\u00e7o de 2019.\u00a0 Para este ano, est\u00e3o sendo ofertados 1.570 aux\u00edlios-perman\u00eancia no valor de R$ 400,00 e 350 aux\u00edlios-moradia no valor de R$ 400,00. Do total de aux\u00edlios, 40% s\u00e3o destinados a candidatos novos e 60% a candidatos em renova\u00e7\u00e3o e assistidos com <strong>aux\u00edlio-emergencial<\/strong>.<\/p>\n<p style=\"text-align: justify;\">Para participar, o estudante deve acessar o <a href=\"http:\/\/www.sigaest.ufpa.br\/sigaest\/inicial.php\" target=\"_blank\" rel=\"noopener\">Sistema Gerencial de Assist\u00eancia Estudantil (SIGAEST)<\/a> e inscrever-se no <strong>Programa Perman\u00eancia\/2019<\/strong>. Os alunos podem solicitar somente a modalidade <strong>Perman\u00eancia<\/strong>, somente a modalidade <strong>Moradia<\/strong> ou <strong>ambas as modalidades<\/strong>. Em seguida, deve realizar o preenchimento completo dos question\u00e1rios socioecon\u00f4mico e pedag\u00f3gico, referentes aos aux\u00edlios solicitados.<\/p>\n<p style=\"text-align: justify;\"><strong>Envio de documentos<\/strong> &#8211; Os estudantes matriculados nos Campi de Bel\u00e9m, Ananindeua e Tucuru\u00ed devem enviar, exclusivamente, de forma on-line, no Sigaest, os documentos exigidos pelo edital em arquivo de imagem, no formato JPG e tamanho m\u00e1ximo de 500 kbytes.<\/p>\n<p style=\"text-align: justify;\">Os alunos dos Campi de Abaetetuba, Altamira, Bragan\u00e7a, Breves, Capanema, Castanhal, Salin\u00f3polis e Soure podem enviar a documenta\u00e7\u00e3o, tanto de forma on-line, por meio do Sigaest, quanto presencialmente, no N\u00facleo de Assist\u00eancia Estudantil (Naest) ou na Coordena\u00e7\u00e3o de Extens\u00e3o do campus.<\/p>\n<p style=\"text-align: justify;\"><strong>Calouros<\/strong> \u2013 Os estudantes que ainda n\u00e3o possuem matr\u00edcula no Sistema Integrado de Gest\u00e3o de Atividades Acad\u00eamicas (Sigaa) podem inscrever-se utilizando um n\u00famero de matr\u00edcula provis\u00f3rio, que ser\u00e1 gerado no Sigaest durante a inscri\u00e7\u00e3o.<\/p>\n<p style=\"text-align: justify;\">Para evitar sobrecarga no Sigaest, a Saest orienta os estudantes a n\u00e3o deixarem para realizar a inscri\u00e7\u00e3o nos \u00faltimos dias. A Saest informa que n\u00e3o se responsabilizar\u00e1 por poss\u00edvel falha de conex\u00e3o da internet, a qual impossibilite o cumprimento das etapas do processo seletivo.<\/p>\n<p style=\"text-align: justify;\"><strong>Servi\u00e7o:<br \/>\n<\/strong>Programa Perman\u00eancia 2019 \u2013 Modalidades Perman\u00eancia e\/ou Moradia<\/p>\n<p style=\"text-align: justify;\">Inscri\u00e7\u00e3o: de <strong>20 fevereiro a 27 de mar\u00e7o de 2019<br \/>\n<\/strong>Contato: (91) 3201-7346<br \/>\nAcesse o <a href=\"http:\/\/www.sigaest.ufpa.br\/sigaest\/editais\/Programa.Permanencia.2019.modalidades.Permanencia.e.ou.Moradia.pdf\" target=\"_blank\" rel=\"noopener\">edital aqui.<\/a><br \/>\nMais informa\u00e7\u00f5es na<a href=\"http:\/\/saest.ufpa.br\/portal\/\" target=\"_blank\" rel=\"noopener\"> p\u00e1gina da Saest.<\/a><\/p>\n<p style=\"text-align: justify;\"><strong>Texto e arte<\/strong>: Comunica\u00e7\u00e3o Saest<\/p>\n","protected":false},"excerpt":{"rendered":"<p>A Universidade Federal do Par\u00e1 (UFPA), por meio da Superintend\u00eancia de Assist\u00eancia Estudantil (Saest), publicou o edital referente ao processo seletivo do Programa Perman\u00eancia nas modalidades Perman\u00eancia e Moradia, destinados a estudantes de cursos de gradua\u00e7\u00e3o em situa\u00e7\u00e3o de vulnerabilidade socioecon\u00f4mica. Os aux\u00edlios s\u00e3o destinados a estudantes que estejam cursando, prioritariamente, a primeira gradua\u00e7\u00e3o, na [&hellip;]<\/p>\n","protected":false},"author":2,"featured_media":2236,"comment_status":"open","ping_status":"open","sticky":false,"template":"","format":"standard","meta":{"_exactmetrics_skip_tracking":false},"categories":[1],"tags":[],"_links":{"self":[{"href":"https:\/\/campuscastanhal.ufpa.br\/index.php?rest_route=\/wp\/v2\/posts\/2237"}],"collection":[{"href":"https:\/\/campuscastanhal.ufpa.br\/index.php?rest_route=\/wp\/v2\/posts"}],"about":[{"href":"https:\/\/campuscastanhal.ufpa.br\/index.php?rest_route=\/wp\/v2\/types\/post"}],"author":[{"embeddable":true,"href":"https:\/\/campuscastanhal.ufpa.br\/index.php?rest_route=\/wp\/v2\/users\/2"}],"replies":[{"embeddable":true,"href":"https:\/\/campuscastanhal.ufpa.br\/index.php?rest_route=%2Fwp%2Fv2%2Fcomments&post=2237"}],"version-history":[{"count":4,"href":"https:\/\/campuscastanhal.ufpa.br\/index.php?rest_route=\/wp\/v2\/posts\/2237\/revisions"}],"predecessor-version":[{"id":2286,"href":"https:\/\/campuscastanhal.ufpa.br\/index.php?rest_route=\/wp\/v2\/posts\/2237\/revisions\/2286"}],"wp:featuredmedia":[{"embeddable":true,"href":"https:\/\/campuscastanhal.ufpa.br\/index.php?rest_route=\/wp\/v2\/media\/2236"}],"wp:attachment":[{"href":"https:\/\/campuscastanhal.ufpa.br\/index.php?rest_route=%2Fwp%2Fv2%2Fmedia&parent=2237"}],"wp:term":[{"taxonomy":"category","embeddable":true,"href":"https:\/\/campuscastanhal.ufpa.br\/index.php?rest_route=%2Fwp%2Fv2%2Fcategories&post=2237"},{"taxonomy":"post_tag","embeddable":true,"href":"https:\/\/campuscastanhal.ufpa.br\/index.php?rest_route=%2Fwp%2Fv2%2Ftags&post=2237"}],"curies":[{"name":"wp","href":"https:\/\/api.w.org\/{rel}","templated":true}]}}