{"id":2246,"date":"2019-03-01T10:41:20","date_gmt":"2019-03-01T13:41:20","guid":{"rendered":"https:\/\/campuscastanhal.ufpa.br\/?p=2246"},"modified":"2019-03-01T10:42:21","modified_gmt":"2019-03-01T13:42:21","slug":"2246","status":"publish","type":"post","link":"https:\/\/campuscastanhal.ufpa.br\/?p=2246","title":{"rendered":"Hospital Universit\u00e1rio Bettina Ferro faz triagem de pacientes para o implante coclear"},"content":{"rendered":"<p><img decoding=\"async\" loading=\"lazy\" class=\"alignnone size-full wp-image-2243 aligncenter\" src=\"https:\/\/campuscastanhal.ufpa.br\/wp-content\/uploads\/2019\/imagens\/03.marco\/A\u00e7\u00e3o_Implante_Coclear_1.JPG\" alt=\"\" width=\"550\" height=\"300\" \/><\/p>\n<p style=\"text-align: justify;\">O Dia Mundial do Implante Coclear, comemorado em 25 de fevereiro, foi lembrado no hospital universit\u00e1rio Bettina Ferro de Souza (HUBFS), com a campanha de triagem de pacientes para a cirurgia do implante. Moradores de Bel\u00e9m e de outros munic\u00edpios do Par\u00e1 compareceram ao HUBFS para fazer parte da programa\u00e7\u00e3o, que ocorreu das 8h \u00e0s 16h desta segunda-feira, 25. O HUBFS, por ser 100% Sistema \u00danico de Sa\u00fade (SUS), \u00e9 o \u00fanico na Regi\u00e3o Norte a fazer o procedimento gratuitamente.<\/p>\n<p style=\"text-align: justify;\"><img decoding=\"async\" loading=\"lazy\" class=\"alignnone size-full wp-image-2245 alignleft\" src=\"https:\/\/campuscastanhal.ufpa.br\/wp-content\/uploads\/2019\/imagens\/03.marco\/A\u00e7\u00e3o_Implante_Coclear_4.jpg\" alt=\"\" width=\"550\" height=\"300\" \/>O menino Deyvid Warley, de 11 anos, foi um dos pacientes atendidos pela campanha. Ele veio com a m\u00e3e, Eliete dos Santos, do munic\u00edpio de Castanhal, para fazer a triagem. &#8220;Quando ele tinha oito meses de idade, minha irm\u00e3 observou que ele parecia n\u00e3o escutar muito bem. Ele usou aparelho e n\u00e3o se adaptou&#8221;, disse a m\u00e3e do garoto, que ficou sabendo da campanha, via redes sociais, e resolveu levar o menino para fazer parte da triagem. &#8220;Eu ficaria muito feliz se ele pudesse escutar, pois ele, \u00e0s vezes, fica muito irritado por n\u00e3o entender as coisas. Se conseguisse o implante, seria uma maravilha&#8221;, finaliza a m\u00e3e.<\/p>\n<p style=\"text-align: justify;\">&#8220;O implante coclear, tamb\u00e9m conhecido como &#8216;ouvido bi\u00f4nico&#8217;, \u00e9 um procedimento realizado em pacientes com surdez severa ou profunda, que, por meio de cirurgia, implanta um feixe de el\u00e9trons que se liga ao ouvido interno do paciente e se conecta a um aparelho externo semelhante ao auditivo convencional&#8221;, explicou o otorrinolaringologista Diego Farias, Coordenador da campanha. Para ele, ainda h\u00e1 um desconhecimento da popula\u00e7\u00e3o sobre a cirurgia e, por esse motivo, a campanha visa esclarecer e selecionar candidatos \u00e0 cirurgia, para que casos de surdez sejam revertidos.<\/p>\n<p style=\"text-align: justify;\"><strong><img decoding=\"async\" loading=\"lazy\" class=\"size-full wp-image-2242 alignleft\" src=\"https:\/\/campuscastanhal.ufpa.br\/wp-content\/uploads\/2019\/imagens\/03.marco\/A\u00e7\u00e3o_Implante_Coclear-3.jpg\" alt=\"\" width=\"550\" height=\"300\" \/><\/strong><\/p>\n<p style=\"text-align: justify;\"><strong>Crit\u00e9rios<\/strong>\u00a0\u2013 Para fazer o implante, o paciente passa por v\u00e1rios procedimentos, que s\u00e3o os de anamnese, testes f\u00edsicos, audiom\u00e9tricos e psicol\u00f3gicos, para que se possa entender o grau de surdez da pessoa e saber se poder\u00e1 ser beneficiada. &#8220;Al\u00e9m do grau de surdez (severa a profunda), deve-se ter comprova\u00e7\u00e3o de que haver\u00e1 maior benef\u00edcio com o implante coclear do que com aparelho auditivo. \u00c9 importante tamb\u00e9m a avalia\u00e7\u00e3o psicol\u00f3gica, para que o paciente entenda o que \u00e9 a surdez e o que \u00e9 o implante. Todo esse procedimento tem a dura\u00e7\u00e3o vari\u00e1vel, de acordo com o paciente&#8221;, informou Diego Farias.<\/p>\n<p style=\"text-align: justify;\">A cirurgia de implante coclear tem a dura\u00e7\u00e3o entre duas e quatro horas e \u00e9 feita com anestesia geral. O paciente n\u00e3o sai da sala de cirurgia ouvindo, porque, segundo o otorrinolaringologista, o aparelho ter\u00e1 que se adaptar ao organismo da pessoa e, para isso, \u00e9 necess\u00e1rio que ele realize acompanhamento com profissional da Fonoaudiologia. Para a fonoaudi\u00f3loga Izi Pardal, representante da empresa parceira da campanha de triagem, &#8220;a fonoterapia \u00e9 a parte mais longa do tratamento, pois o paciente n\u00e3o pode apenas &#8216;ouvir por ouvir&#8217;, \u00e9 preciso dar significado ao que ele ouve&#8221;. O HUBFS oferece o servi\u00e7o antes e depois da cirurgia do implante coclear.<\/p>\n<p style=\"text-align: justify;\"><img decoding=\"async\" loading=\"lazy\" class=\"size-full wp-image-2244 alignleft\" src=\"https:\/\/campuscastanhal.ufpa.br\/wp-content\/uploads\/2019\/imagens\/03.marco\/A\u00e7\u00e3o_Implante_Coclear_2.jpg\" alt=\"\" width=\"550\" height=\"300\" \/>O implante coclear come\u00e7ou a ser feito no Bettina em 2010 e a campanha de triagem ocorre desde 2015. &#8220;Na campanha de 2015, atendemos 500 pessoas, mas menos de 10% disso foi revertido para cirurgia. Por isso, a cada ano, procuramos informar melhor os pacientes para que possamos fazer uma sele\u00e7\u00e3o mais minuciosa e ter mais poss\u00edveis candidatos ao implante&#8221;, comentou a fonoaudi\u00f3loga. O HUBFS possui cadastro aberto para o procedimento durante o ano inteiro.<\/p>\n<p style=\"text-align: justify;\"><strong>Sobre a Ebserh<\/strong> &#8211; Desde outubro de 2015, o Hospital Bettina Ferro de Souza, vinculado ao Complexo Hospitalar da UFPA, \u00e9 filiado \u00e0 Rede Ebserh. Estatal vinculada ao Minist\u00e9rio da Educa\u00e7\u00e3o, a Empresa Brasileira de Servi\u00e7os Hospitalares (Ebserh) administra atualmente 40 hospitais universit\u00e1rios federais. O objetivo \u00e9, em parceria com as universidades, aperfei\u00e7oar os servi\u00e7os de atendimento \u00e0 popula\u00e7\u00e3o, por meio do Sistema \u00danico de Sa\u00fade (SUS), e promover o ensino e a pesquisa nas unidades filiadas.<\/p>\n<p style=\"text-align: justify;\">A empresa, criada em dezembro de 2011, tamb\u00e9m \u00e9 respons\u00e1vel pela gest\u00e3o do Programa Nacional de Reestrutura\u00e7\u00e3o dos Hospitais Universit\u00e1rios Federais (Rehuf), que contempla a\u00e7\u00f5es em todas as unidades existentes no Pa\u00eds, incluindo as n\u00e3o filiadas \u00e0 Ebserh<\/p>\n<p style=\"text-align: justify;\"><strong>Texto e fotos<\/strong>: Paola Caracciolo e Edna Nunes \u2013 Ascom do Complexo Hospitalar da UFPA\/Ebserh.<\/p>\n","protected":false},"excerpt":{"rendered":"<p>O Dia Mundial do Implante Coclear, comemorado em 25 de fevereiro, foi lembrado no hospital universit\u00e1rio Bettina Ferro de Souza (HUBFS), com a campanha de triagem de pacientes para a cirurgia do implante. Moradores de Bel\u00e9m e de outros munic\u00edpios do Par\u00e1 compareceram ao HUBFS para fazer parte da programa\u00e7\u00e3o, que ocorreu das 8h \u00e0s [&hellip;]<\/p>\n","protected":false},"author":2,"featured_media":2243,"comment_status":"open","ping_status":"open","sticky":false,"template":"","format":"standard","meta":{"_exactmetrics_skip_tracking":false},"categories":[1],"tags":[],"_links":{"self":[{"href":"https:\/\/campuscastanhal.ufpa.br\/index.php?rest_route=\/wp\/v2\/posts\/2246"}],"collection":[{"href":"https:\/\/campuscastanhal.ufpa.br\/index.php?rest_route=\/wp\/v2\/posts"}],"about":[{"href":"https:\/\/campuscastanhal.ufpa.br\/index.php?rest_route=\/wp\/v2\/types\/post"}],"author":[{"embeddable":true,"href":"https:\/\/campuscastanhal.ufpa.br\/index.php?rest_route=\/wp\/v2\/users\/2"}],"replies":[{"embeddable":true,"href":"https:\/\/campuscastanhal.ufpa.br\/index.php?rest_route=%2Fwp%2Fv2%2Fcomments&post=2246"}],"version-history":[{"count":2,"href":"https:\/\/campuscastanhal.ufpa.br\/index.php?rest_route=\/wp\/v2\/posts\/2246\/revisions"}],"predecessor-version":[{"id":2249,"href":"https:\/\/campuscastanhal.ufpa.br\/index.php?rest_route=\/wp\/v2\/posts\/2246\/revisions\/2249"}],"wp:featuredmedia":[{"embeddable":true,"href":"https:\/\/campuscastanhal.ufpa.br\/index.php?rest_route=\/wp\/v2\/media\/2243"}],"wp:attachment":[{"href":"https:\/\/campuscastanhal.ufpa.br\/index.php?rest_route=%2Fwp%2Fv2%2Fmedia&parent=2246"}],"wp:term":[{"taxonomy":"category","embeddable":true,"href":"https:\/\/campuscastanhal.ufpa.br\/index.php?rest_route=%2Fwp%2Fv2%2Fcategories&post=2246"},{"taxonomy":"post_tag","embeddable":true,"href":"https:\/\/campuscastanhal.ufpa.br\/index.php?rest_route=%2Fwp%2Fv2%2Ftags&post=2246"}],"curies":[{"name":"wp","href":"https:\/\/api.w.org\/{rel}","templated":true}]}}