{"id":2594,"date":"2019-06-05T17:23:56","date_gmt":"2019-06-05T20:23:56","guid":{"rendered":"https:\/\/campuscastanhal.ufpa.br\/?p=2594"},"modified":"2019-06-13T14:50:02","modified_gmt":"2019-06-13T17:50:02","slug":"x-seminario-de-integracao-academico-profissional-aborda-tematicas-voltadas-para-a-atuacao-do-medico-veterinario","status":"publish","type":"post","link":"https:\/\/campuscastanhal.ufpa.br\/?p=2594","title":{"rendered":"X Semin\u00e1rio de Integra\u00e7\u00e3o Acad\u00eamico-Profissional aborda tem\u00e1ticas voltadas para a atua\u00e7\u00e3o do M\u00e9dico Veterin\u00e1rio"},"content":{"rendered":"<p style=\"text-align: justify;\"><img decoding=\"async\" loading=\"lazy\" class=\"wp-image-2590 aligncenter\" src=\"https:\/\/campuscastanhal.ufpa.br\/wp-content\/uploads\/2019\/imagens\/06.junho\/Seminario3.JPG\" alt=\"\" width=\"453\" height=\"247\" \/><\/p>\n<p style=\"text-align: justify;\">O X Semin\u00e1rio de Integra\u00e7\u00e3o Acad\u00eamico-Profissional, evento organizado pela Faculdade de Medicina Veterin\u00e1ria da UFPA\/Castanhal em parceira com o Conselho Regional de Medicina Veterin\u00e1ria (CRMV), teve sua abertura nesta quarta (05) e contou com palestras que abordaram tem\u00e1ticas direcionadas aos estudantes de Veterin\u00e1ria, como as fun\u00e7\u00f5es do conselho profissional, a a\u00e7\u00e3o do M\u00e9dico Veterin\u00e1rio na vigil\u00e2ncia sanit\u00e1ria, o bem-estar em esportes equestres e a posse respons\u00e1vel.<\/p>\n<p style=\"text-align: justify;\"><img decoding=\"async\" loading=\"lazy\" class=\" wp-image-2592 alignleft\" src=\"https:\/\/campuscastanhal.ufpa.br\/wp-content\/uploads\/2019\/imagens\/06.junho\/Seminario5.JPG\" alt=\"\" width=\"433\" height=\"236\" \/>A programa\u00e7\u00e3o faz parte das atividades acad\u00eamicas da disciplina Ci\u00eancias Sociais I e a import\u00e2ncia do evento reside na vincula\u00e7\u00e3o da Institui\u00e7\u00e3o de Ensino Superior e do \u00f3rg\u00e3o fiscalizador profissional, destacou o professor Le\u00f4nidas Oleg\u00e1rio, diretor geral do Instituto de Medicina Veterin\u00e1ria, que tamb\u00e9m falou sobre o diferencial da d\u00e9cima edi\u00e7\u00e3o do Semin\u00e1rio.<\/p>\n<p style=\"text-align: justify;\">\u201cUma das novidades deste ano \u00e9 que n\u00f3s conseguimos trazer duas palestras com temas que ainda n\u00e3o t\u00ednhamos abordado nas outras edi\u00e7\u00f5es: qualidade t\u00e9cnica e Medicina Veterin\u00e1ria Legal. Outra novidade \u00e9 a mesa-redonda que vai tratar sobre o comportamento do estudante e como esse comportamento ir\u00e1 se refletir na sua vida profissional\u201d.<\/p>\n<p style=\"text-align: justify;\"><img decoding=\"async\" loading=\"lazy\" class=\" wp-image-2591 alignleft\" src=\"https:\/\/campuscastanhal.ufpa.br\/wp-content\/uploads\/2019\/imagens\/06.junho\/Seminario4.JPG\" alt=\"\" width=\"432\" height=\"236\" \/>E foram justamente quest\u00f5es que impactam diretamente a vida profissional dos futuros M\u00e9dicos Veterin\u00e1rios que a UFPA vem formando, que Antonieta Martorano, presidente do CRMV no Par\u00e1, abordou durante a primeira palestra da manh\u00e3 desta quarta.<\/p>\n<p style=\"text-align: justify;\">\u201cOs conselhos regionais de Medicina Veterin\u00e1ria em todos os estados atuam de forma a buscar a melhoria da atua\u00e7\u00e3o e a valoriza\u00e7\u00e3o das duas profiss\u00f5es que est\u00e3o dentro das suas atribui\u00e7\u00f5es: Zootecnia e Medicina Veterin\u00e1ria. Os estudantes devem saber, desde j\u00e1, o que precisar\u00e3o fazer ao se formar: al\u00e9m da obrigatoriedade de se registrarem, devem entender as responsabilidades tanto para com o Conselho quanto para com a sociedade\u201d, finalizou a presidente do CRMV.<\/p>\n<p style=\"text-align: justify;\"><img decoding=\"async\" loading=\"lazy\" class=\" wp-image-2593 alignleft\" src=\"https:\/\/campuscastanhal.ufpa.br\/wp-content\/uploads\/2019\/imagens\/06.junho\/Seminario6.JPG\" alt=\"\" width=\"442\" height=\"241\" \/>Teresinha Rossetti, que tamb\u00e9m faz parte do Conselho Regional de Medicina Veterin\u00e1ria, ministrou uma palestra que falou sobre a atua\u00e7\u00e3o profissional na \u00e1rea da Vigil\u00e2ncia Sanit\u00e1ria.<\/p>\n<p style=\"text-align: justify;\">\u201cA import\u00e2ncia do M\u00e9dico Veterin\u00e1rio que atua com Vigil\u00e2ncia Sanit\u00e1ria est\u00e1 em garantir a sa\u00fade da popula\u00e7\u00e3o, a partir da fiscaliza\u00e7\u00e3o dos produtos de origem animal. Essa fiscaliza\u00e7\u00e3o \u00e9 que faz com que a gente consiga produtos de qualidade para a mesa do consumidor\u201d.<\/p>\n<p style=\"text-align: justify;\"><img decoding=\"async\" loading=\"lazy\" class=\" wp-image-2589 alignleft\" src=\"https:\/\/campuscastanhal.ufpa.br\/wp-content\/uploads\/2019\/imagens\/06.junho\/Seminario2.JPG\" alt=\"\" width=\"448\" height=\"244\" \/>O X Semin\u00e1rio de Integra\u00e7\u00e3o Acad\u00eamico-Profissional segue at\u00e9 o dia 07 de junho, no Instituto de Medicina Veterin\u00e1ria da UFPA em Castanhal e tem como p\u00fablico-alvo os acad\u00eamicos do 5\u00ba per\u00edodo da Faculdade de Medicina Veterin\u00e1ria\/UFPA, al\u00e9m de alunos dos dois programas de p\u00f3s-gradua\u00e7\u00e3o do Instituto. Para conferir a programa\u00e7\u00e3o completa, <a href=\"http:\/\/campuscastanhal.ufpa.br\/wp-content\/uploads\/2019\/arquivos\/06.junho\/folder.pdf\" target=\"_blank\" rel=\"noopener\"><strong>aqui<\/strong><\/a>.<\/p>\n<p style=\"text-align: justify;\">Texto e fotos: Paula Lopes \u2013 Ascom UFPA\/Castanhal<\/p>\n<p>&nbsp;<\/p>\n<p>&nbsp;<\/p>\n","protected":false},"excerpt":{"rendered":"<p>O X Semin\u00e1rio de Integra\u00e7\u00e3o Acad\u00eamico-Profissional, evento organizado pela Faculdade de Medicina Veterin\u00e1ria da UFPA\/Castanhal em parceira com o Conselho Regional de Medicina Veterin\u00e1ria (CRMV), teve sua abertura nesta quarta (05) e contou com palestras que abordaram tem\u00e1ticas direcionadas aos estudantes de Veterin\u00e1ria, como as fun\u00e7\u00f5es do conselho profissional, a a\u00e7\u00e3o do M\u00e9dico Veterin\u00e1rio na [&hellip;]<\/p>\n","protected":false},"author":2,"featured_media":2588,"comment_status":"open","ping_status":"open","sticky":false,"template":"","format":"standard","meta":{"_exactmetrics_skip_tracking":false,"_exactmetrics_sitenote_active":false,"_exactmetrics_sitenote_note":"","_exactmetrics_sitenote_category":0},"categories":[39],"tags":[],"_links":{"self":[{"href":"https:\/\/campuscastanhal.ufpa.br\/index.php?rest_route=\/wp\/v2\/posts\/2594"}],"collection":[{"href":"https:\/\/campuscastanhal.ufpa.br\/index.php?rest_route=\/wp\/v2\/posts"}],"about":[{"href":"https:\/\/campuscastanhal.ufpa.br\/index.php?rest_route=\/wp\/v2\/types\/post"}],"author":[{"embeddable":true,"href":"https:\/\/campuscastanhal.ufpa.br\/index.php?rest_route=\/wp\/v2\/users\/2"}],"replies":[{"embeddable":true,"href":"https:\/\/campuscastanhal.ufpa.br\/index.php?rest_route=%2Fwp%2Fv2%2Fcomments&post=2594"}],"version-history":[{"count":1,"href":"https:\/\/campuscastanhal.ufpa.br\/index.php?rest_route=\/wp\/v2\/posts\/2594\/revisions"}],"predecessor-version":[{"id":2595,"href":"https:\/\/campuscastanhal.ufpa.br\/index.php?rest_route=\/wp\/v2\/posts\/2594\/revisions\/2595"}],"wp:featuredmedia":[{"embeddable":true,"href":"https:\/\/campuscastanhal.ufpa.br\/index.php?rest_route=\/wp\/v2\/media\/2588"}],"wp:attachment":[{"href":"https:\/\/campuscastanhal.ufpa.br\/index.php?rest_route=%2Fwp%2Fv2%2Fmedia&parent=2594"}],"wp:term":[{"taxonomy":"category","embeddable":true,"href":"https:\/\/campuscastanhal.ufpa.br\/index.php?rest_route=%2Fwp%2Fv2%2Fcategories&post=2594"},{"taxonomy":"post_tag","embeddable":true,"href":"https:\/\/campuscastanhal.ufpa.br\/index.php?rest_route=%2Fwp%2Fv2%2Ftags&post=2594"}],"curies":[{"name":"wp","href":"https:\/\/api.w.org\/{rel}","templated":true}]}}