{"id":2856,"date":"2019-09-30T18:10:12","date_gmt":"2019-09-30T21:10:12","guid":{"rendered":"https:\/\/campuscastanhal.ufpa.br\/?p=2856"},"modified":"2019-09-30T18:10:12","modified_gmt":"2019-09-30T21:10:12","slug":"divulgada-a-programacao-final-da-semana-academica-do-campus-de-castanhal","status":"publish","type":"post","link":"https:\/\/campuscastanhal.ufpa.br\/?p=2856","title":{"rendered":"Divulgada a programa\u00e7\u00e3o final da Semana Acad\u00eamica do Campus de Castanhal"},"content":{"rendered":"<p><img decoding=\"async\" loading=\"lazy\" class=\"wp-image-2769 aligncenter\" src=\"https:\/\/campuscastanhal.ufpa.br\/wp-content\/uploads\/2019\/imagens\/10.outubro\/SEMANA_ACAD.jpg\" alt=\"\" width=\"424\" height=\"231\" \/><\/p>\n<p style=\"text-align: justify;\">No per\u00edodo de 01 a 04 de outubro acontece a Semana Acad\u00eamica do Campus da UFPA em Castanhal, com o objetivo de aproximar a Universidade da sociedade, por meio da socializa\u00e7\u00e3o de trabalhos em diversas \u00e1reas, proporcionando a interdisciplinaridade do conhecimento produzido no \u00e2mbito da Universidade Federal do Par\u00e1, Campus de Castanhal.<\/p>\n<p style=\"text-align: justify;\">A Semana Acad\u00eamica congrega as a\u00e7\u00f5es dos seguintes eventos:<\/p>\n<p style=\"text-align: justify;\">&#8211; <a href=\"https:\/\/www.even3.com.br\/iiisiepex_ufpa\/\" target=\"_blank\" rel=\"noopener\">III Simp\u00f3sio de Ensino Pesquisa e Extens\u00e3o<\/a> \u2013 SIEPEX;<\/p>\n<p style=\"text-align: justify;\">&#8211; <a href=\"http:\/\/gg.gg\/seminario-profmat-castanhal\" target=\"_blank\" rel=\"noopener\">I Semin\u00e1rio de Pesquisa do Programa de P\u00f3s-Gradua\u00e7\u00e3o em Matem\u00e1tica<\/a> \u2013 PROFMAT;<\/p>\n<p style=\"text-align: justify;\">&#8211; <a href=\"https:\/\/www.even3.com.br\/emepe2019\/\" target=\"_blank\" rel=\"noopener\">I Encontro Municipal das\/os Estudantes de Pedagogia<\/a> \u2013 EMEPe;<\/p>\n<p style=\"text-align: justify;\">&#8211; <a href=\"http:\/\/www.siepe.ufpa.br\/\" target=\"_blank\" rel=\"noopener\">II Semin\u00e1rio Integrado de Ensino, Pesquisa e Extens\u00e3o da UFPA<\/a>, que compreende a XX Jornada de Extens\u00e3o da UFPA, o <a href=\"http:\/\/www.seminariopibic.ufpa.br\/\" target=\"_blank\" rel=\"noopener\">XXX Semin\u00e1rio de Inicia\u00e7\u00e3o Cient\u00edfica da UFPA<\/a> \u2013 SEMINIC  e o <a href=\"http:\/\/www.proeg.ufpa.br\/sepeduc\/2019\/\" target=\"_blank\" rel=\"noopener\">Semin\u00e1rio de Projetos Educacionais<\/a> (SEPEDUC\/2019) da UFPA .<\/p>\n<p style=\"text-align: justify;\">A programa\u00e7\u00e3o da Semana Acad\u00eamica da UFPA\/Castanhal contar\u00e1 com mesa de abertura, confer\u00eancia, palestras, mesas-redondas, comunica\u00e7\u00f5es orais, exposi\u00e7\u00f5es de banners, apresenta\u00e7\u00f5es culturais, vendas de produtos artesanais e aliment\u00edcios. Para consultar a programa\u00e7\u00e3o geral, clique <a href=\"http:\/\/campuscastanhal.ufpa.br\/wp-content\/uploads\/2019\/arquivos\/09.setembro\/Programacao_GERAL.pdf\" target=\"_blank\" rel=\"noopener\">aqui<\/a>.<\/p>\n<p style=\"text-align: justify;\">Para as demais programa\u00e7\u00f5es, clique nos links abaixo:<\/p>\n<p style=\"text-align: justify;\">Dia 02\/10 \u2013 <a href=\"http:\/\/campuscastanhal.ufpa.br\/wp-content\/uploads\/2019\/arquivos\/09.setembro\/Dia_2_POSTERES_SEPEDUC.pdf\" target=\"_blank\" rel=\"noopener\">Apresenta\u00e7\u00f5es de P\u00f4steres \u2013 SEPEDUC<\/a> \u2013 manh\u00e3<\/p>\n<p style=\"text-align: justify;\">Dia 02\/10 \u2013 <a href=\"http:\/\/campuscastanhal.ufpa.br\/wp-content\/uploads\/2019\/arquivos\/09.setembro\/Dia_2_SIEPEX_POSTERES.pdf\" target=\"_blank\" rel=\"noopener\">Apresenta\u00e7\u00f5es de P\u00f4steres \u2013 SIEPEX<\/a> \u2013 manh\u00e3<\/p>\n<p style=\"text-align: justify;\">Dia 02\/10 \u2013 <a href=\"http:\/\/campuscastanhal.ufpa.br\/wp-content\/uploads\/2019\/arquivos\/09.setembro\/Dia_2_Comunicacoes_SIEPEX_TARDE.pdf\" target=\"_blank\" rel=\"noopener\">Comunica\u00e7\u00f5es Orais \u2013 SIEPEX<\/a> \u2013 tarde<\/p>\n<p style=\"text-align: justify;\">Dia 03\/10 \u2013 <a href=\"http:\/\/campuscastanhal.ufpa.br\/wp-content\/uploads\/2019\/arquivos\/09.setembro\/Dia_3_Comunicacoes_SIEPEX_MANHA.pdf\" target=\"_blank\" rel=\"noopener\">Comunica\u00e7\u00f5es Orais \u2013 SIEPEX<\/a> \u2013 manh\u00e3<\/p>\n<p style=\"text-align: justify;\">Dia 03\/10 \u2013 <a href=\"http:\/\/campuscastanhal.ufpa.br\/wp-content\/uploads\/2019\/arquivos\/09.setembro\/Dia_3_Comunicacoes_SEPEDUC_TARDE.pdf\" target=\"_blank\" rel=\"noopener\">Comunica\u00e7\u00f5es Orais \u2013 SEPEDUC<\/a> \u2013 tarde<\/p>\n<p style=\"text-align: justify;\">Dia 04\/10 \u2013 <a href=\"http:\/\/campuscastanhal.ufpa.br\/wp-content\/uploads\/2019\/arquivos\/09.setembro\/Dia_4_Comunicacoes_SIEPEX_TARDE.pdf\" target=\"_blank\" rel=\"noopener\">Comunica\u00e7\u00f5es Orais \u2013 SIEPEX<\/a> \u2013 tarde<\/p>\n<p style=\"text-align: justify;\">Dias 02, 03 e 04\/10 \u2013 <a href=\"http:\/\/campuscastanhal.ufpa.br\/wp-content\/uploads\/2019\/arquivos\/09.setembro\/Cronograma_SEMINIC_EXTENSAO.pdf\" target=\"_blank\" rel=\"noopener\">SEMINIC e EXTENS\u00c3O<\/a> \u2013 manh\u00e3 e tarde<\/p>\n<p style=\"text-align: justify;\">Texto: Paula Lopes \u2013 Ascom UFPA\/Castanhal<\/p>\n<p style=\"text-align: justify;\">\n<p>&nbsp;<\/p>\n<p>&nbsp;<\/p>\n<p>&nbsp;<\/p>\n","protected":false},"excerpt":{"rendered":"<p>No per\u00edodo de 01 a 04 de outubro acontece a Semana Acad\u00eamica do Campus da UFPA em Castanhal, com o objetivo de aproximar a Universidade da sociedade, por meio da socializa\u00e7\u00e3o de trabalhos em diversas \u00e1reas, proporcionando a interdisciplinaridade do conhecimento produzido no \u00e2mbito da Universidade Federal do Par\u00e1, Campus de Castanhal. A Semana Acad\u00eamica [&hellip;]<\/p>\n","protected":false},"author":2,"featured_media":2769,"comment_status":"open","ping_status":"open","sticky":false,"template":"","format":"standard","meta":{"_exactmetrics_skip_tracking":false,"_exactmetrics_sitenote_active":false,"_exactmetrics_sitenote_note":"","_exactmetrics_sitenote_category":0},"categories":[1],"tags":[],"_links":{"self":[{"href":"https:\/\/campuscastanhal.ufpa.br\/index.php?rest_route=\/wp\/v2\/posts\/2856"}],"collection":[{"href":"https:\/\/campuscastanhal.ufpa.br\/index.php?rest_route=\/wp\/v2\/posts"}],"about":[{"href":"https:\/\/campuscastanhal.ufpa.br\/index.php?rest_route=\/wp\/v2\/types\/post"}],"author":[{"embeddable":true,"href":"https:\/\/campuscastanhal.ufpa.br\/index.php?rest_route=\/wp\/v2\/users\/2"}],"replies":[{"embeddable":true,"href":"https:\/\/campuscastanhal.ufpa.br\/index.php?rest_route=%2Fwp%2Fv2%2Fcomments&post=2856"}],"version-history":[{"count":1,"href":"https:\/\/campuscastanhal.ufpa.br\/index.php?rest_route=\/wp\/v2\/posts\/2856\/revisions"}],"predecessor-version":[{"id":2857,"href":"https:\/\/campuscastanhal.ufpa.br\/index.php?rest_route=\/wp\/v2\/posts\/2856\/revisions\/2857"}],"wp:featuredmedia":[{"embeddable":true,"href":"https:\/\/campuscastanhal.ufpa.br\/index.php?rest_route=\/wp\/v2\/media\/2769"}],"wp:attachment":[{"href":"https:\/\/campuscastanhal.ufpa.br\/index.php?rest_route=%2Fwp%2Fv2%2Fmedia&parent=2856"}],"wp:term":[{"taxonomy":"category","embeddable":true,"href":"https:\/\/campuscastanhal.ufpa.br\/index.php?rest_route=%2Fwp%2Fv2%2Fcategories&post=2856"},{"taxonomy":"post_tag","embeddable":true,"href":"https:\/\/campuscastanhal.ufpa.br\/index.php?rest_route=%2Fwp%2Fv2%2Ftags&post=2856"}],"curies":[{"name":"wp","href":"https:\/\/api.w.org\/{rel}","templated":true}]}}