{"id":2861,"date":"2019-10-01T13:46:35","date_gmt":"2019-10-01T16:46:35","guid":{"rendered":"https:\/\/campuscastanhal.ufpa.br\/?p=2861"},"modified":"2019-10-01T14:39:01","modified_gmt":"2019-10-01T17:39:01","slug":"curso-de-libras-pretende-capacitar-servidores-e-funcionarios-da-ufpa-castanhal","status":"publish","type":"post","link":"https:\/\/campuscastanhal.ufpa.br\/?p=2861","title":{"rendered":"Curso de Libras pretende capacitar servidores e funcion\u00e1rios da UFPA\/Castanhal"},"content":{"rendered":"<p><img decoding=\"async\" loading=\"lazy\" class=\"wp-image-2860 aligncenter\" src=\"https:\/\/campuscastanhal.ufpa.br\/wp-content\/uploads\/2019\/imagens\/10.outubro\/libras.jpg\" alt=\"\" width=\"402\" height=\"219\" \/><\/p>\n<p style=\"text-align: justify;\">A partir desta quarta, 02\/10, estar\u00e3o abertas as inscri\u00e7\u00f5es para o curso de Libras Aplicado ao Contexto da UFPA. O objetivo \u00e9 capacitar servidores do Campus Castanhal (t\u00e9cnicos e docentes), trabalhadores terceirizados e trabalhadores aut\u00f4nomos (lanchonetes, xerox), para que consigam se comunicar com as pessoas surdas que j\u00e1 fazem parte da comunidade da UFPA ou que adentrem o Campus em busca de informa\u00e7\u00f5es.<\/p>\n<p style=\"text-align: justify;\">Para realizar a inscri\u00e7\u00e3o, os interessados devem comparecer ao N\u00facleo de Acessibilidade (Pr\u00e9dio de Salas de Aula), das 8 \u00e0s 12 e das 14 \u00e0s 18h, at\u00e9 o dia 11 de outubro.<\/p>\n<p style=\"text-align: justify;\">O curso \u00e9 voltado para 20 alunos, com in\u00edcio em 14 de outubro e previs\u00e3o de t\u00e9rmino para 11 de dezembro de 2019. As aulas ir\u00e3o acontecer \u00e0s segundas e quartas-feiras, das 15 \u00e0s 17h, na sala do N\u00facleo de Acessibilidade da UFPA\/Castanhal. A carga hor\u00e1ria total \u00e9 de 40h.<\/p>\n<p style=\"text-align: justify;\">As aulas contemplar\u00e3o conversa\u00e7\u00e3o, din\u00e2micas, uso de apostilas, trabalhos individuais e em grupo, al\u00e9m de aulas expositivas. Os participantes ter\u00e3o acesso a conte\u00fados diversos, que v\u00e3o desde a Hist\u00f3ria da educa\u00e7\u00e3o dos surdos at\u00e9 di\u00e1logos em Libras, envolvendo temas como fam\u00edlia, profiss\u00f5es na UFPA e documentos utilizados no Campus.<\/p>\n<p style=\"text-align: justify;\">O projeto Curso de Libras Aplicado ao Contexto da UFPA \u00e9 coordenado pela professora D\u00e9bora Alfaia, da Faculdade de Pedagogia e as aulas ser\u00e3o ministradas pelo professor Tiago Augusto Rodrigues, graduado em Letras Libras (UFPA), especialista em Tradu\u00e7\u00e3o e Interpreta\u00e7\u00e3o em Libras (Instituto de Educa\u00e7\u00e3o do Par\u00e1), atualmente, int\u00e9rprete efetivo e professor colaborador do Campus Castanhal.<\/p>\n<p style=\"text-align: justify;\">Para mais informa\u00e7\u00f5es sobre o projeto, clique <a href=\"http:\/\/campuscastanhal.ufpa.br\/wp-content\/uploads\/2019\/arquivos\/10.outubro\/Projeto_Libras.pdf\" target=\"_blank\" rel=\"noopener\"><strong>aqui<\/strong><\/a>.<\/p>\n<p>Texto: Paula Lopes \u2013 Ascom UFPA\/Castanhal<\/p>\n<p>&nbsp;<\/p>\n","protected":false},"excerpt":{"rendered":"<p>A partir desta quarta, 02\/10, estar\u00e3o abertas as inscri\u00e7\u00f5es para o curso de Libras Aplicado ao Contexto da UFPA. O objetivo \u00e9 capacitar servidores do Campus Castanhal (t\u00e9cnicos e docentes), trabalhadores terceirizados e trabalhadores aut\u00f4nomos (lanchonetes, xerox), para que consigam se comunicar com as pessoas surdas que j\u00e1 fazem parte da comunidade da UFPA ou [&hellip;]<\/p>\n","protected":false},"author":2,"featured_media":2860,"comment_status":"open","ping_status":"open","sticky":false,"template":"","format":"standard","meta":{"_exactmetrics_skip_tracking":false,"_exactmetrics_sitenote_active":false,"_exactmetrics_sitenote_note":"","_exactmetrics_sitenote_category":0},"categories":[1],"tags":[],"_links":{"self":[{"href":"https:\/\/campuscastanhal.ufpa.br\/index.php?rest_route=\/wp\/v2\/posts\/2861"}],"collection":[{"href":"https:\/\/campuscastanhal.ufpa.br\/index.php?rest_route=\/wp\/v2\/posts"}],"about":[{"href":"https:\/\/campuscastanhal.ufpa.br\/index.php?rest_route=\/wp\/v2\/types\/post"}],"author":[{"embeddable":true,"href":"https:\/\/campuscastanhal.ufpa.br\/index.php?rest_route=\/wp\/v2\/users\/2"}],"replies":[{"embeddable":true,"href":"https:\/\/campuscastanhal.ufpa.br\/index.php?rest_route=%2Fwp%2Fv2%2Fcomments&post=2861"}],"version-history":[{"count":2,"href":"https:\/\/campuscastanhal.ufpa.br\/index.php?rest_route=\/wp\/v2\/posts\/2861\/revisions"}],"predecessor-version":[{"id":2864,"href":"https:\/\/campuscastanhal.ufpa.br\/index.php?rest_route=\/wp\/v2\/posts\/2861\/revisions\/2864"}],"wp:featuredmedia":[{"embeddable":true,"href":"https:\/\/campuscastanhal.ufpa.br\/index.php?rest_route=\/wp\/v2\/media\/2860"}],"wp:attachment":[{"href":"https:\/\/campuscastanhal.ufpa.br\/index.php?rest_route=%2Fwp%2Fv2%2Fmedia&parent=2861"}],"wp:term":[{"taxonomy":"category","embeddable":true,"href":"https:\/\/campuscastanhal.ufpa.br\/index.php?rest_route=%2Fwp%2Fv2%2Fcategories&post=2861"},{"taxonomy":"post_tag","embeddable":true,"href":"https:\/\/campuscastanhal.ufpa.br\/index.php?rest_route=%2Fwp%2Fv2%2Ftags&post=2861"}],"curies":[{"name":"wp","href":"https:\/\/api.w.org\/{rel}","templated":true}]}}