{"id":2875,"date":"2019-10-02T14:15:59","date_gmt":"2019-10-02T17:15:59","guid":{"rendered":"https:\/\/campuscastanhal.ufpa.br\/?p=2875"},"modified":"2019-10-02T14:16:53","modified_gmt":"2019-10-02T17:16:53","slug":"semana-academica-destaca-producao-cientifica-do-campus-de-castanhal","status":"publish","type":"post","link":"https:\/\/campuscastanhal.ufpa.br\/?p=2875","title":{"rendered":"Semana Acad\u00eamica destaca produ\u00e7\u00e3o cient\u00edfica do Campus de Castanhal"},"content":{"rendered":"<p style=\"text-align: justify;\"><img decoding=\"async\" loading=\"lazy\" class=\"wp-image-2871 aligncenter\" src=\"https:\/\/campuscastanhal.ufpa.br\/wp-content\/uploads\/2019\/imagens\/10.outubro\/siepex.jpg\" alt=\"\" width=\"447\" height=\"244\" \/><\/p>\n<p style=\"text-align: justify;\">Nesta segunda, 1\u00ba de outubro, foi aberta a I Semana Acad\u00eamica do Campus da UFPA em Castanhal, evento que se estende at\u00e9 o dia 04 de outubro e que pretende aproximar a Universidade da sociedade, por meio da socializa\u00e7\u00e3o de trabalhos em diversas \u00e1reas, proporcionando a interdisciplinaridade do conhecimento que \u00e9 produzido no Campus.<\/p>\n<p style=\"text-align: justify;\"><img decoding=\"async\" loading=\"lazy\" class=\" wp-image-2872 alignleft\" src=\"https:\/\/campuscastanhal.ufpa.br\/wp-content\/uploads\/2019\/imagens\/10.outubro\/siepex1.JPG\" alt=\"\" width=\"440\" height=\"240\" \/>O magn\u00edfico reitor da UFPA, professor Emmanuel Zagury Tourinho, participou da mesa de abertura do evento e, em seu discurso, evidenciou a evolu\u00e7\u00e3o da p\u00f3s-gradua\u00e7\u00e3o nos <em>campi<\/em> da UFPA no interior.<\/p>\n<p style=\"text-align: justify;\">\u201cEu lembro que, em 2009, eu assumi a Pr\u00f3-Reitoria de Pesquisa e P\u00f3s-Gradua\u00e7\u00e3o. Naquela ocasi\u00e3o, havia 5 cursos de mestrado e doutorado nos <em>campi<\/em> do interior, sendo que 3 deles estavam em Castanhal. Hoje, n\u00f3s temos mais de 20 cursos de mestrado e doutorado no interior. Todos os <em>campi<\/em> fazem pesquisa e quase todos t\u00eam p\u00f3s-gradua\u00e7\u00e3o.\u201d<\/p>\n<p style=\"text-align: justify;\">Atualmente, o Campus de Castanhal possui 5 programas de p\u00f3s-gradua\u00e7\u00e3o e 8 cursos de gradua\u00e7\u00e3o, todos com vasta produ\u00e7\u00e3o cient\u00edfica, a qual est\u00e1 sendo apresentada durante a Semana Acad\u00eamica em formato de comunica\u00e7\u00e3o oral ou p\u00f4ster e, ainda, por meio dos debates propostos nas mesas-redondas e nas palestras do evento, que congrega as a\u00e7\u00f5es do III Simp\u00f3sio de Ensino Pesquisa e Extens\u00e3o \u2013 SIEPEX; do I Semin\u00e1rio de Pesquisa do Programa de P\u00f3s-Gradua\u00e7\u00e3o em Matem\u00e1tica \u2013 PROFMAT; do I Encontro Municipal das\/os Estudantes de Pedagogia \u2013 EMEPe e do II Semin\u00e1rio Integrado de Ensino, Pesquisa e Extens\u00e3o da UFPA, que compreende a XX Jornada de Extens\u00e3o da UFPA, o XXX Semin\u00e1rio de Inicia\u00e7\u00e3o Cient\u00edfica da UFPA &#8211; SEMINIC e o Semin\u00e1rio de Projetos Educacionais (SEPEDUC\/2019) da UFPA.<\/p>\n<p style=\"text-align: justify;\"><img decoding=\"async\" loading=\"lazy\" class=\" wp-image-2874 alignleft\" src=\"https:\/\/campuscastanhal.ufpa.br\/wp-content\/uploads\/2019\/imagens\/10.outubro\/siepx2.JPG\" alt=\"\" width=\"443\" height=\"241\" \/>O primeiro dia da Semana Acad\u00eamica tamb\u00e9m foi brindado com o espet\u00e1culo \u201cFilhos do Boto\u201d, apresentado pelo corpo de dan\u00e7a da Escola de Teatro e Dan\u00e7a da UFPA. A <em>performance<\/em> foi premiada em 2017 no concurso de arte e cultura promovido pela Pr\u00f3-Reitoria de Extens\u00e3o da UFPA.<\/p>\n<p style=\"text-align: justify;\">Neste segundo dia de evento, 02, pela manh\u00e3, os participantes prestigiaram as apresenta\u00e7\u00f5es de p\u00f4steres do SIEPEX e do SEPEDUC, no Gin\u00e1sio de Esportes. Durante a tarde, acontecem diversas comunica\u00e7\u00f5es orais do SIEPEX em salas de aula do pr\u00e9dio central, al\u00e9m da abertura do I Semin\u00e1rio de Pesquisa do Programa de P\u00f3s-Gradua\u00e7\u00e3o em Matem\u00e1tica \u2013 PROFMAT no audit\u00f3rio do GETI e mesa-redonda (Audit\u00f3rio Central) e apresenta\u00e7\u00f5es de p\u00f4steres (salas de aula) do EMEPe. Confira a programa\u00e7\u00e3o completa <a href=\"https:\/\/campuscastanhal.ufpa.br\/?p=2856\" target=\"_blank\" rel=\"noopener\"><strong>aqui<\/strong><\/a>.<\/p>\n<p>Texto: Paula Lopes \u2013 Ascom UFPA\/Castanhal<br \/>\nFotos: Equipe de Comunica\u00e7\u00e3o da Semana Acad\u00eamica<\/p>\n<p>&nbsp;<\/p>\n<p>&nbsp;<\/p>\n<p>&nbsp;<\/p>\n<p>&nbsp;<\/p>\n","protected":false},"excerpt":{"rendered":"<p>Nesta segunda, 1\u00ba de outubro, foi aberta a I Semana Acad\u00eamica do Campus da UFPA em Castanhal, evento que se estende at\u00e9 o dia 04 de outubro e que pretende aproximar a Universidade da sociedade, por meio da socializa\u00e7\u00e3o de trabalhos em diversas \u00e1reas, proporcionando a interdisciplinaridade do conhecimento que \u00e9 produzido no Campus. O [&hellip;]<\/p>\n","protected":false},"author":2,"featured_media":2871,"comment_status":"open","ping_status":"open","sticky":false,"template":"","format":"standard","meta":{"_exactmetrics_skip_tracking":false},"categories":[1],"tags":[],"_links":{"self":[{"href":"https:\/\/campuscastanhal.ufpa.br\/index.php?rest_route=\/wp\/v2\/posts\/2875"}],"collection":[{"href":"https:\/\/campuscastanhal.ufpa.br\/index.php?rest_route=\/wp\/v2\/posts"}],"about":[{"href":"https:\/\/campuscastanhal.ufpa.br\/index.php?rest_route=\/wp\/v2\/types\/post"}],"author":[{"embeddable":true,"href":"https:\/\/campuscastanhal.ufpa.br\/index.php?rest_route=\/wp\/v2\/users\/2"}],"replies":[{"embeddable":true,"href":"https:\/\/campuscastanhal.ufpa.br\/index.php?rest_route=%2Fwp%2Fv2%2Fcomments&post=2875"}],"version-history":[{"count":2,"href":"https:\/\/campuscastanhal.ufpa.br\/index.php?rest_route=\/wp\/v2\/posts\/2875\/revisions"}],"predecessor-version":[{"id":2877,"href":"https:\/\/campuscastanhal.ufpa.br\/index.php?rest_route=\/wp\/v2\/posts\/2875\/revisions\/2877"}],"wp:featuredmedia":[{"embeddable":true,"href":"https:\/\/campuscastanhal.ufpa.br\/index.php?rest_route=\/wp\/v2\/media\/2871"}],"wp:attachment":[{"href":"https:\/\/campuscastanhal.ufpa.br\/index.php?rest_route=%2Fwp%2Fv2%2Fmedia&parent=2875"}],"wp:term":[{"taxonomy":"category","embeddable":true,"href":"https:\/\/campuscastanhal.ufpa.br\/index.php?rest_route=%2Fwp%2Fv2%2Fcategories&post=2875"},{"taxonomy":"post_tag","embeddable":true,"href":"https:\/\/campuscastanhal.ufpa.br\/index.php?rest_route=%2Fwp%2Fv2%2Ftags&post=2875"}],"curies":[{"name":"wp","href":"https:\/\/api.w.org\/{rel}","templated":true}]}}