{"id":3268,"date":"2020-03-18T12:54:39","date_gmt":"2020-03-18T15:54:39","guid":{"rendered":"https:\/\/campuscastanhal.ufpa.br\/?p=3268"},"modified":"2020-03-18T12:55:07","modified_gmt":"2020-03-18T15:55:07","slug":"nota-oficial-da-coordenacao-do-campus-de-castanhal-sobre-a-suspensao-do-expediente","status":"publish","type":"post","link":"https:\/\/campuscastanhal.ufpa.br\/?p=3268","title":{"rendered":"Nota oficial da Coordena\u00e7\u00e3o do Campus de Castanhal sobre a suspens\u00e3o das atividades"},"content":{"rendered":"<p style=\"text-align: justify;\"><img decoding=\"async\" loading=\"lazy\" class=\" wp-image-3267 aligncenter\" src=\"https:\/\/campuscastanhal.ufpa.br\/wp-content\/uploads\/2020\/imagens\/NOTA.png\" alt=\"\" width=\"513\" height=\"280\" \/><\/p>\n<p style=\"text-align: justify;\">A Administra\u00e7\u00e3o Superior da Universidade Federal do Par\u00e1 publicou <a href=\"https:\/\/portal.ufpa.br\/index.php\/ultimas-noticias2\/11452-ufpa-emite-nota-sobre-suspensao-de-atividades-academicas-e-administrativas-presenciais\" target=\"_blank\" rel=\"noopener\"><strong>nota<\/strong><\/a>\u00a0sobre a suspens\u00e3o das atividades acad\u00eamicas e administrativas presenciais, no per\u00edodo de 19 de mar\u00e7o de 2020 at\u00e9 12 de abril de 2020, a partir de orienta\u00e7\u00f5es do Grupo de Trabalho (GT) que foi instalado para discutir a\u00e7\u00f5es diante da pandemia do Novo Corona V\u00edrus (COVID-19).<\/p>\n<p style=\"text-align: justify;\">Dessa forma, a Coordena\u00e7\u00e3o do Campus Castanhal comunica que est\u00e3o suspensas as atividades presenciais de ensino na gradua\u00e7\u00e3o e p\u00f3s-gradua\u00e7\u00e3o, e tamb\u00e9m no espa\u00e7o do GETI (Grupo de Educa\u00e7\u00e3o na Terceira Idade). Na medida do poss\u00edvel, tais atividades poder\u00e3o ser realizadas a dist\u00e2ncia, conforme an\u00e1lise e encaminhamentos definidos pela dire\u00e7\u00e3o de cada subunidade ou setor do campus. Tamb\u00e9m ficam suspensas as atividades administrativas presenciais. Outras atividades definidas como essenciais, dadas as particularidades e din\u00e2micas de alguns setores, devem ser mantidas, observando-se as orienta\u00e7\u00f5es das chefias imediatas.<\/p>\n<p style=\"text-align: justify;\">Informamos que a Coordena\u00e7\u00e3o do Campus Castanhal est\u00e1 em contato direto com a Administra\u00e7\u00e3o Superior da Universidade e com o GT instalado, para acompanhamento da situa\u00e7\u00e3o.<\/p>\n<p style=\"text-align: justify;\">Mais informa\u00e7\u00f5es atualizadas podem ser encontradas no site <a href=\"http:\/\/coronavirus.ufpa.br\" target=\"_blank\" rel=\"noopener\">coronavirus.ufpa.br<\/a>.<\/p>\n<p style=\"text-align: justify;\">Coordena\u00e7\u00e3o do Campus Castanhal<\/p>\n","protected":false},"excerpt":{"rendered":"<p>A Administra\u00e7\u00e3o Superior da Universidade Federal do Par\u00e1 publicou nota\u00a0sobre a suspens\u00e3o das atividades acad\u00eamicas e administrativas presenciais, no per\u00edodo de 19 de mar\u00e7o de 2020 at\u00e9 12 de abril de 2020, a partir de orienta\u00e7\u00f5es do Grupo de Trabalho (GT) que foi instalado para discutir a\u00e7\u00f5es diante da pandemia do Novo Corona V\u00edrus (COVID-19). [&hellip;]<\/p>\n","protected":false},"author":2,"featured_media":3267,"comment_status":"open","ping_status":"open","sticky":false,"template":"","format":"standard","meta":{"_exactmetrics_skip_tracking":false},"categories":[1],"tags":[],"_links":{"self":[{"href":"https:\/\/campuscastanhal.ufpa.br\/index.php?rest_route=\/wp\/v2\/posts\/3268"}],"collection":[{"href":"https:\/\/campuscastanhal.ufpa.br\/index.php?rest_route=\/wp\/v2\/posts"}],"about":[{"href":"https:\/\/campuscastanhal.ufpa.br\/index.php?rest_route=\/wp\/v2\/types\/post"}],"author":[{"embeddable":true,"href":"https:\/\/campuscastanhal.ufpa.br\/index.php?rest_route=\/wp\/v2\/users\/2"}],"replies":[{"embeddable":true,"href":"https:\/\/campuscastanhal.ufpa.br\/index.php?rest_route=%2Fwp%2Fv2%2Fcomments&post=3268"}],"version-history":[{"count":2,"href":"https:\/\/campuscastanhal.ufpa.br\/index.php?rest_route=\/wp\/v2\/posts\/3268\/revisions"}],"predecessor-version":[{"id":3270,"href":"https:\/\/campuscastanhal.ufpa.br\/index.php?rest_route=\/wp\/v2\/posts\/3268\/revisions\/3270"}],"wp:featuredmedia":[{"embeddable":true,"href":"https:\/\/campuscastanhal.ufpa.br\/index.php?rest_route=\/wp\/v2\/media\/3267"}],"wp:attachment":[{"href":"https:\/\/campuscastanhal.ufpa.br\/index.php?rest_route=%2Fwp%2Fv2%2Fmedia&parent=3268"}],"wp:term":[{"taxonomy":"category","embeddable":true,"href":"https:\/\/campuscastanhal.ufpa.br\/index.php?rest_route=%2Fwp%2Fv2%2Fcategories&post=3268"},{"taxonomy":"post_tag","embeddable":true,"href":"https:\/\/campuscastanhal.ufpa.br\/index.php?rest_route=%2Fwp%2Fv2%2Ftags&post=3268"}],"curies":[{"name":"wp","href":"https:\/\/api.w.org\/{rel}","templated":true}]}}