{"id":3280,"date":"2020-04-14T17:08:32","date_gmt":"2020-04-14T20:08:32","guid":{"rendered":"https:\/\/campuscastanhal.ufpa.br\/?p=3280"},"modified":"2020-04-22T16:49:08","modified_gmt":"2020-04-22T19:49:08","slug":"pesquisadores-da-ufpa-integram-grupo-interinstitucional-que-esta-desenvolvendo-modelo-matematico-de-projecao-da-propagacao-da-covid-19-no-brasil","status":"publish","type":"post","link":"https:\/\/campuscastanhal.ufpa.br\/?p=3280","title":{"rendered":"Pesquisadores da UFPA integram grupo interinstitucional que est\u00e1 desenvolvendo modelo matem\u00e1tico de proje\u00e7\u00e3o da propaga\u00e7\u00e3o da Covid-19 no Brasil"},"content":{"rendered":"<p style=\"text-align: justify;\">Um grupo de pesquisa composto por engenheiros e cientistas da computa\u00e7\u00e3o da Universidade Federal do Par\u00e1 (UFPA), do Instituto Nacional de Pesquisa (INPE) de S\u00e3o Jos\u00e9 dos Campos, da Universidade Federal de S\u00e3o Paulo (Unifesp) e da Universidade de S\u00e3o Paulo (USP) est\u00e1 investigando a proje\u00e7\u00e3o de como a pandemia do novo coronav\u00edrus \u00a0cresce em pa\u00edses do terceiro mundo, por meio de modelos matem\u00e1ticos mais adequados \u00e0 realidade demogr\u00e1fica de tais pa\u00edses.<\/p>\n<p style=\"text-align: justify;\">O principal estudo utilizado como refer\u00eancia para esse tipo de proje\u00e7\u00e3o no mundo todo \u00e9 da Imperial College, de Londres, que inicialmente realizou proje\u00e7\u00f5es para o espalhamento da Covid-19 nos Estados Unidos e na Gr\u00e3-Bretanha, baseado em um dos modelos mais adotados pela comunidade internacional para esse fim \u2013 o\u00a0<em>Susceptibility-Exposure-Infection-Removal<\/em>\u00a0(SEIR).<\/p>\n<p style=\"text-align: justify;\">A despeito da grande aplicabilidade do SEIR, no caso do Brasil, h\u00e1 a necessidade premente de um modelo que reproduza de forma mais fidedigna a realidade de pa\u00edses subdesenvolvidos, levando em considera\u00e7\u00e3o as condi\u00e7\u00f5es demogr\u00e1ficas da popula\u00e7\u00e3o, como baix\u00edssimos n\u00edveis de saneamento e de \u00e1gua pot\u00e1vel, grande n\u00famero de domic\u00edlios com poucos c\u00f4modos, grande n\u00famero de pessoas por c\u00f4modo e com baixa renda m\u00e9dia domiciliar.<\/p>\n<p style=\"text-align: justify;\"><strong>Dificuldades para o isolamento social<\/strong>\u00a0&#8211; Como ainda n\u00e3o h\u00e1 medicamento para tratar ou vacina para conter o acelerado avan\u00e7o da Covid-19, a principal medida hoje no combate \u00e0 doen\u00e7a \u00e9 o isolamento social. Assim, os doentes s\u00e3o postos em quarentena hospitalar\/domiciliar e a popula\u00e7\u00e3o como um todo \u00e9 orientada a realizar quarentena domiciliar, quando poss\u00edvel, a fim de diminuir a escalada da propaga\u00e7\u00e3o da doen\u00e7a, amenizando o impacto da pandemia no sistema de sa\u00fade. Portanto, atualmente, o isolamento social \u00e9 a principal a\u00e7\u00e3o recomendada no mundo pelas autoridades de Sa\u00fade nacionais e internacionais.<\/p>\n<p style=\"text-align: justify;\">\u201cOs modelos de proje\u00e7\u00e3o que consideram apenas uma perspectiva homog\u00eanea da popula\u00e7\u00e3o e de sua demografia, nos c\u00e1lculos para chegar aos gr\u00e1ficos de alcance da Covid-19, est\u00e3o fortemente baseados nos moldes de vida de cidades t\u00edpicas da Uni\u00e3o Europeia, onde, de fato, existe a possibilidade de colocar-se grande parte da popula\u00e7\u00e3o em confinamento, uma vez que l\u00e1 os domic\u00edlios, em regra, possuem estrutura para tanto. Todavia tal realidade est\u00e1 longe de ser o padr\u00e3o brasileiro, principalmente nas grande metr\u00f3poles do pa\u00eds. Em nossa realidade, temos parcela significativa da popula\u00e7\u00e3o dividindo domic\u00edlio com muita gente e poucos c\u00f4modos, o que, em muitos casos, inviabiliza um isolamento total de uma pessoa contaminada. Em certas situa\u00e7\u00f5es, inclusive, n\u00e3o existe nenhuma possibilidade de confinamento, quando seis ou sete pessoas dividem um \u00fanico c\u00f4modo, por exemplo. Ent\u00e3o, diante das caracter\u00edsticas demogr\u00e1ficas do Brasil, que s\u00e3o muito peculiares e similares \u00e0s de pa\u00edses como a \u00cdndia, China e do continente africano, nosso grupo concebeu e implentou esse modelo matem\u00e1tico diferenciado, muito mais adequado \u00e0 realidade brasileira\u201d, explica o professor da UFPA Renato Franc\u00eas, que coordena as pesquisas em andamento.<\/p>\n<p style=\"text-align: justify;\">Assim, o modelo que est\u00e1 sendo desenvolvido considera as desigualdades sociais existentes no Brasil e projeta o alcance do novo coronav\u00edrus \u00a0de modo mais aproximado \u00e0 realidade brasileira, tomando como modelo inicial a cidade de S\u00e3o Paulo, que \u00e9 o epicentro da crise, podendo, entretanto, estend\u00ea-lo a todos os 5.570 munic\u00edpios do pa\u00eds. \u201cTrata-se de um modelo generaliz\u00e1vel, criado matematicamente e implementado computacionalmente, que come\u00e7a a apresentar curvas mais reais de como o v\u00edrus se comporta nessas situa\u00e7\u00f5es espec\u00edficas\u201d, continua Franc\u00eas.<\/p>\n<p style=\"text-align: justify;\">Para dar um exemplo, na Regi\u00e3o Metropolitana de S\u00e3o Paulo, h\u00e1 cerca de 19 milh\u00f5es de habitantes, sendo que, desses, quase 2 milh\u00f5es moram em domic\u00edlios com um \u00fanico c\u00f4modo, dividido com tr\u00eas ou mais pessoas, o que impede o confinamento de cerca de 10% da popula\u00e7\u00e3o. Esse tipo de especificidade n\u00e3o est\u00e1 representada nos modelos de refer\u00eancia internacionais.<\/p>\n<p style=\"text-align: justify;\"><strong>M<\/strong><strong>odelo\u00a0<\/strong><strong>adaptado<\/strong>\u00a0&#8211; Para tal situa\u00e7\u00e3o, deve-se ter alguma alternativa que funcione em paralelo ao modelo de confinamento recomendado pela Organiza\u00e7\u00e3o Mundial de Sa\u00fade. Ent\u00e3o, o modelo matem\u00e1tico de proje\u00e7\u00e3o da Covid-19 elaborado pelo grupo considera a Pesquisa Nacional por Amostra de Domic\u00edlios do Instituto Brasileiro de Geografia e Estat\u00edstica (Pnad\/IBGE), dados de 2018, para garantir que os c\u00e1lculos sejam feitos de modo a levar em conta as restri\u00e7\u00f5es que existem em fun\u00e7\u00e3o da demografia nacional, consistindo, por exemplo, na impossibilidade de confinamento geral dessa parcela de habita\u00e7\u00f5es com alta densidade de pessoas por c\u00f4modo.<\/p>\n<p style=\"text-align: justify;\">No segundo passo dessa modelagem, ser\u00e3o consideradas outras bases de dados oficiais, por exemplo, o censo escolar do Instituto Nacional de Estudos e Pesquisas Educacionais An\u00edsio Teixeira (Inep), de modo a levantar o n\u00famero de escolas por bairros que possam servir como base alternativa para um isolamento social real em circunvizinhan\u00e7as superpopulosas, j\u00e1 que nem as condi\u00e7\u00f5es demogr\u00e1ficas nem o sistema \u00fanico de sa\u00fade daria conta de garantir o confinamento domiciliar e hospitalar, respectivamente, necess\u00e1rio para, de fato, desacelerar o novo coronav\u00edrus \u00a0no Brasil.<\/p>\n<p style=\"text-align: justify;\">\u201cAs escolas potencialmente s\u00e3o \u00f3timas alternativas \u00e0 estrutura tradicional de sa\u00fade, porque s\u00e3o estruturas que t\u00eam salas, banheiros e cozinhas e, por isso, podem reproduzir um ambiente domiciliar em uma escala maior, al\u00e9m de possu\u00edrem uma grande capilaridade \u00a0e alcance nas cidades brasileiras\u201d, sintetiza o professor.<\/p>\n<p style=\"text-align: justify;\">De acordo com o pesquisador, o modelo ingl\u00eas \u00e9 importante, mas n\u00e3o deve ser utilizado em uma realidade em que, de um lado, h\u00e1 um condom\u00ednio de luxo e, de outro, uma invas\u00e3o que n\u00e3o possui sequer \u00e1gua encanada e a popula\u00e7\u00e3o vive abaixo da linha de pobreza, sem qualquer poder aquisitivo para adquirir \u00e1lcool gel.<\/p>\n<p style=\"text-align: justify;\">\u201cDesse modo, n\u00e3o \u00e9 poss\u00edvel, no Brasil, o confinamento em larga escala da popula\u00e7\u00e3o e, com base nessa nova modelagem, estamos colocando em percentual quantos domic\u00edlios n\u00e3o permitem isso por cidade do territ\u00f3rio nacional. A\u00ed teremos uma medida mais realista de como a pandemia pode se propagar no pa\u00eds se o Estado brasileiro n\u00e3o criar alternativas para o confinamento populacional\u201d, conclui Renato Franc\u00eas.<\/p>\n<p style=\"text-align: justify;\"><strong>Resultados do estudo<\/strong>\u00a0&#8211; As alternativas propostas pelo estudo para o confinamento real e em escala da popula\u00e7\u00e3o brasileira devem ser consideradas de imediato, j\u00e1 que na realidade de a\u00e7\u00f5es como a constru\u00e7\u00e3o de um hospital emergencial em seis dias, por exemplo, como ocorreu na China, s\u00e3o muito pouco prov\u00e1veis, e as curvas que demonstram o alcance da Covid-19 no Brasil, por meio do modelo matem\u00e1tico desenvolvido pelos pesquisadores, apontam que as condi\u00e7\u00f5es demogr\u00e1ficas do pa\u00eds agravam a acelera\u00e7\u00e3o da pandemia.<\/p>\n<p style=\"text-align: justify;\">Por este motivo, o objetivo da pesquisa \u00e9 chamar aten\u00e7\u00e3o dos governantes para que tomem medidas mais efetivas e urgentes, baseadas em evid\u00eancias cient\u00edficas. Os primeiros resultados j\u00e1 est\u00e3o sendo gerados e ser\u00e3o divulgados em breve. A ideia \u00e9 tamb\u00e9m disponibilizar os algoritmos e toda a parametriza\u00e7\u00e3o utilizada para que outros pesquisadores, do Brasil e do exterior, possam se beneficiar com medidas que antecipem as proje\u00e7\u00f5es do v\u00edrus.<\/p>\n<p style=\"text-align: justify;\">O estudo est\u00e1 sendo realizado por Renato Franc\u00eas, Marcelino Silva, Evelin Cardoso e Frederico Santana, do Programa de P\u00f3s-Gradua\u00e7\u00e3o em Engenharia El\u00e9trica (PPGEE) da UFPA; Solon Carvalho, do Programa de P\u00f3s-Gradua\u00e7\u00e3o em Computa\u00e7\u00e3o Aplicada do INPE; Nandamudi Lankalapalli Vijaykumar, da Unifesp; e Andr\u00e9 Carlos Ponce de Leon Ferreira de Carvalho, da USP.<\/p>\n<p style=\"text-align: justify;\">Texto: J\u00e9ssica Souza \u2013 Assessoria de Comunica\u00e7\u00e3o da UFPA<br \/>\nFoto: Reprodu\u00e7\u00e3o Google<\/p>\n","protected":false},"excerpt":{"rendered":"<p>Um grupo de pesquisa composto por engenheiros e cientistas da computa\u00e7\u00e3o da Universidade Federal do Par\u00e1 (UFPA), do Instituto Nacional de Pesquisa (INPE) de S\u00e3o Jos\u00e9 dos Campos, da Universidade Federal de S\u00e3o Paulo (Unifesp) e da Universidade de S\u00e3o Paulo (USP) est\u00e1 investigando a proje\u00e7\u00e3o de como a pandemia do novo coronav\u00edrus \u00a0cresce em [&hellip;]<\/p>\n","protected":false},"author":2,"featured_media":3282,"comment_status":"open","ping_status":"open","sticky":false,"template":"","format":"standard","meta":{"_exactmetrics_skip_tracking":false},"categories":[1],"tags":[],"_links":{"self":[{"href":"https:\/\/campuscastanhal.ufpa.br\/index.php?rest_route=\/wp\/v2\/posts\/3280"}],"collection":[{"href":"https:\/\/campuscastanhal.ufpa.br\/index.php?rest_route=\/wp\/v2\/posts"}],"about":[{"href":"https:\/\/campuscastanhal.ufpa.br\/index.php?rest_route=\/wp\/v2\/types\/post"}],"author":[{"embeddable":true,"href":"https:\/\/campuscastanhal.ufpa.br\/index.php?rest_route=\/wp\/v2\/users\/2"}],"replies":[{"embeddable":true,"href":"https:\/\/campuscastanhal.ufpa.br\/index.php?rest_route=%2Fwp%2Fv2%2Fcomments&post=3280"}],"version-history":[{"count":2,"href":"https:\/\/campuscastanhal.ufpa.br\/index.php?rest_route=\/wp\/v2\/posts\/3280\/revisions"}],"predecessor-version":[{"id":3283,"href":"https:\/\/campuscastanhal.ufpa.br\/index.php?rest_route=\/wp\/v2\/posts\/3280\/revisions\/3283"}],"wp:featuredmedia":[{"embeddable":true,"href":"https:\/\/campuscastanhal.ufpa.br\/index.php?rest_route=\/wp\/v2\/media\/3282"}],"wp:attachment":[{"href":"https:\/\/campuscastanhal.ufpa.br\/index.php?rest_route=%2Fwp%2Fv2%2Fmedia&parent=3280"}],"wp:term":[{"taxonomy":"category","embeddable":true,"href":"https:\/\/campuscastanhal.ufpa.br\/index.php?rest_route=%2Fwp%2Fv2%2Fcategories&post=3280"},{"taxonomy":"post_tag","embeddable":true,"href":"https:\/\/campuscastanhal.ufpa.br\/index.php?rest_route=%2Fwp%2Fv2%2Ftags&post=3280"}],"curies":[{"name":"wp","href":"https:\/\/api.w.org\/{rel}","templated":true}]}}