{"id":3295,"date":"2020-04-14T15:14:37","date_gmt":"2020-04-14T18:14:37","guid":{"rendered":"https:\/\/campuscastanhal.ufpa.br\/?p=3295"},"modified":"2020-04-22T16:48:05","modified_gmt":"2020-04-22T19:48:05","slug":"ufpa-mantem-suspensao-de-atividades-academicas-e-administrativas-presenciais-por-tempo-indeterminado","status":"publish","type":"post","link":"https:\/\/campuscastanhal.ufpa.br\/?p=3295","title":{"rendered":"UFPA mant\u00e9m suspens\u00e3o de atividades acad\u00eamicas e administrativas presenciais por tempo indeterminado"},"content":{"rendered":"<div class=\"content-header-options-1 row-fluid\">\n<div class=\"documentByLine span7\"><\/div>\n<\/div>\n<p><img decoding=\"async\" loading=\"lazy\" class=\"wp-image-3294 aligncenter\" src=\"https:\/\/campuscastanhal.ufpa.br\/wp-content\/uploads\/2020\/imagens\/nota-oficial-portal-azul.png\" alt=\"\" width=\"435\" height=\"237\" \/><\/p>\n<p style=\"text-align: justify;\">A Universidade Federal do Par\u00e1 informa que permanecem suspensas, por tempo indeterminado, as suas atividades acad\u00eamicas e administrativas presenciais. A decis\u00e3o leva em considera\u00e7\u00e3o as orienta\u00e7\u00f5es das autoridades sanit\u00e1rias e\u00a0<a href=\"https:\/\/ascom.ufpa.br\/links\/outros\/BOLETIM%20GT_06.04.2020.pdf\" target=\"_blank\" rel=\"noopener noreferrer\">as recomenda\u00e7\u00f5es do Grupo de Trabalho da UFPA sobre o Novo Coronav\u00edrus<\/a>\u00a0acerca da import\u00e2ncia do isolamento social diante do agravamento do cen\u00e1rio epidemiol\u00f3gico da COVID-19 no pa\u00eds e no estado do Par\u00e1.<\/p>\n<p style=\"text-align: center;\">Bel\u00e9m, 06 de abril de 2020<\/p>\n<p style=\"text-align: center;\">Emmanuel Zagury Tourinho<\/p>\n<p style=\"text-align: center;\">Reitor<\/p>\n","protected":false},"excerpt":{"rendered":"<p>A Universidade Federal do Par\u00e1 informa que permanecem suspensas, por tempo indeterminado, as suas atividades acad\u00eamicas e administrativas presenciais. A decis\u00e3o leva em considera\u00e7\u00e3o as orienta\u00e7\u00f5es das autoridades sanit\u00e1rias e\u00a0as recomenda\u00e7\u00f5es do Grupo de Trabalho da UFPA sobre o Novo Coronav\u00edrus\u00a0acerca da import\u00e2ncia do isolamento social diante do agravamento do cen\u00e1rio epidemiol\u00f3gico da COVID-19 no [&hellip;]<\/p>\n","protected":false},"author":2,"featured_media":3294,"comment_status":"open","ping_status":"open","sticky":false,"template":"","format":"standard","meta":{"_exactmetrics_skip_tracking":false},"categories":[1],"tags":[],"_links":{"self":[{"href":"https:\/\/campuscastanhal.ufpa.br\/index.php?rest_route=\/wp\/v2\/posts\/3295"}],"collection":[{"href":"https:\/\/campuscastanhal.ufpa.br\/index.php?rest_route=\/wp\/v2\/posts"}],"about":[{"href":"https:\/\/campuscastanhal.ufpa.br\/index.php?rest_route=\/wp\/v2\/types\/post"}],"author":[{"embeddable":true,"href":"https:\/\/campuscastanhal.ufpa.br\/index.php?rest_route=\/wp\/v2\/users\/2"}],"replies":[{"embeddable":true,"href":"https:\/\/campuscastanhal.ufpa.br\/index.php?rest_route=%2Fwp%2Fv2%2Fcomments&post=3295"}],"version-history":[{"count":1,"href":"https:\/\/campuscastanhal.ufpa.br\/index.php?rest_route=\/wp\/v2\/posts\/3295\/revisions"}],"predecessor-version":[{"id":3296,"href":"https:\/\/campuscastanhal.ufpa.br\/index.php?rest_route=\/wp\/v2\/posts\/3295\/revisions\/3296"}],"wp:featuredmedia":[{"embeddable":true,"href":"https:\/\/campuscastanhal.ufpa.br\/index.php?rest_route=\/wp\/v2\/media\/3294"}],"wp:attachment":[{"href":"https:\/\/campuscastanhal.ufpa.br\/index.php?rest_route=%2Fwp%2Fv2%2Fmedia&parent=3295"}],"wp:term":[{"taxonomy":"category","embeddable":true,"href":"https:\/\/campuscastanhal.ufpa.br\/index.php?rest_route=%2Fwp%2Fv2%2Fcategories&post=3295"},{"taxonomy":"post_tag","embeddable":true,"href":"https:\/\/campuscastanhal.ufpa.br\/index.php?rest_route=%2Fwp%2Fv2%2Ftags&post=3295"}],"curies":[{"name":"wp","href":"https:\/\/api.w.org\/{rel}","templated":true}]}}