{"id":3337,"date":"2020-06-26T10:39:28","date_gmt":"2020-06-26T13:39:28","guid":{"rendered":"https:\/\/campuscastanhal.ufpa.br\/?p=3337"},"modified":"2020-06-27T23:13:57","modified_gmt":"2020-06-28T02:13:57","slug":"proex-divulga-editais-dos-programas-navega-saberes-e-eixos-transversais-2020","status":"publish","type":"post","link":"https:\/\/campuscastanhal.ufpa.br\/?p=3337","title":{"rendered":"Inscri\u00e7\u00f5es para os Programas Navega Saberes e Eixo Transversal 2020 encerram nesta segunda, 29"},"content":{"rendered":"<p><img decoding=\"async\" loading=\"lazy\" class=\"size-full wp-image-3347 aligncenter\" src=\"https:\/\/campuscastanhal.ufpa.br\/wp-content\/uploads\/2020\/imagens\/proex.PNG\" alt=\"\" width=\"550\" height=\"300\" \/><\/p>\n<p style=\"text-align: justify;\">A Universidade Federal do Par\u00e1 (UFPA), por meio da Pr\u00f3-Reitoria de Extens\u00e3o (PROEX), em conson\u00e2ncia com o disposto na Resolu\u00e7\u00e3o do CNE\/MEC n\u00ba 07\/2018, no Decreto n\u00ba 7.416\/2010 e nas normas internas da UFPA, torna p\u00fablica as condi\u00e7\u00f5es para a submiss\u00e3o de propostas aos Programas:<\/p>\n<p style=\"text-align: justify;\">&#8211;\u00a0<span class=\"il\">Navega<\/span>\u00a0<span class=\"il\">Saberes<\/span>\u00a0Infocentro\/2020: clique <a href=\"http:\/\/novoproex.ufpa.br\/banco\/docs\/2020\/4\/Edital%20Proex%20-%20N%C2%BA%2004-2020%20-%20Navega%20%20Saberes.pdf\" target=\"_blank\" rel=\"noopener\">aqui<\/a> para ler o edital.<\/p>\n<p style=\"text-align: justify;\">&#8211; Eixo Transversal 2020: clique <a href=\"http:\/\/novoproex.ufpa.br\/banco\/docs\/2020\/3\/Edital%20Proex%20-%20N%C2%BA%2003-2020%20-%20Eixo%20Transversal.pdf\" target=\"_blank\" rel=\"noopener\">aqui<\/a> para ler o edital.<\/p>\n<p style=\"text-align: justify;\">O per\u00edodo de inscri\u00e7\u00f5es vai de 01\/06\/2020 at\u00e9 29\/06\/2020. Para mais informa\u00e7\u00f5es, acesse o site da <a href=\"http:\/\/novoproex.ufpa.br\/\" target=\"_blank\" rel=\"noopener\">Proex<\/a>.<b><\/b><\/p>\n","protected":false},"excerpt":{"rendered":"<p>A Universidade Federal do Par\u00e1 (UFPA), por meio da Pr\u00f3-Reitoria de Extens\u00e3o (PROEX), em conson\u00e2ncia com o disposto na Resolu\u00e7\u00e3o do CNE\/MEC n\u00ba 07\/2018, no Decreto n\u00ba 7.416\/2010 e nas normas internas da UFPA, torna p\u00fablica as condi\u00e7\u00f5es para a submiss\u00e3o de propostas aos Programas: &#8211;\u00a0Navega\u00a0Saberes\u00a0Infocentro\/2020: clique aqui para ler o edital. &#8211; Eixo Transversal [&hellip;]<\/p>\n","protected":false},"author":2,"featured_media":3347,"comment_status":"open","ping_status":"open","sticky":false,"template":"","format":"standard","meta":{"_exactmetrics_skip_tracking":false},"categories":[1],"tags":[],"_links":{"self":[{"href":"https:\/\/campuscastanhal.ufpa.br\/index.php?rest_route=\/wp\/v2\/posts\/3337"}],"collection":[{"href":"https:\/\/campuscastanhal.ufpa.br\/index.php?rest_route=\/wp\/v2\/posts"}],"about":[{"href":"https:\/\/campuscastanhal.ufpa.br\/index.php?rest_route=\/wp\/v2\/types\/post"}],"author":[{"embeddable":true,"href":"https:\/\/campuscastanhal.ufpa.br\/index.php?rest_route=\/wp\/v2\/users\/2"}],"replies":[{"embeddable":true,"href":"https:\/\/campuscastanhal.ufpa.br\/index.php?rest_route=%2Fwp%2Fv2%2Fcomments&post=3337"}],"version-history":[{"count":4,"href":"https:\/\/campuscastanhal.ufpa.br\/index.php?rest_route=\/wp\/v2\/posts\/3337\/revisions"}],"predecessor-version":[{"id":3390,"href":"https:\/\/campuscastanhal.ufpa.br\/index.php?rest_route=\/wp\/v2\/posts\/3337\/revisions\/3390"}],"wp:featuredmedia":[{"embeddable":true,"href":"https:\/\/campuscastanhal.ufpa.br\/index.php?rest_route=\/wp\/v2\/media\/3347"}],"wp:attachment":[{"href":"https:\/\/campuscastanhal.ufpa.br\/index.php?rest_route=%2Fwp%2Fv2%2Fmedia&parent=3337"}],"wp:term":[{"taxonomy":"category","embeddable":true,"href":"https:\/\/campuscastanhal.ufpa.br\/index.php?rest_route=%2Fwp%2Fv2%2Fcategories&post=3337"},{"taxonomy":"post_tag","embeddable":true,"href":"https:\/\/campuscastanhal.ufpa.br\/index.php?rest_route=%2Fwp%2Fv2%2Ftags&post=3337"}],"curies":[{"name":"wp","href":"https:\/\/api.w.org\/{rel}","templated":true}]}}