{"id":3364,"date":"2020-07-29T12:52:50","date_gmt":"2020-07-29T15:52:50","guid":{"rendered":"https:\/\/campuscastanhal.ufpa.br\/?p=3364"},"modified":"2020-07-29T19:02:12","modified_gmt":"2020-07-29T22:02:12","slug":"e-book-aborda-educacao-negritude-e-interculturalidade","status":"publish","type":"post","link":"https:\/\/campuscastanhal.ufpa.br\/?p=3364","title":{"rendered":"E-book aborda &#8220;Educa\u00e7\u00e3o, Negritude e Interculturalidade&#8221;"},"content":{"rendered":"<p><img decoding=\"async\" loading=\"lazy\" class=\"wp-image-3363 aligncenter\" src=\"https:\/\/campuscastanhal.ufpa.br\/wp-content\/uploads\/2020\/imagens\/educa\u00e7\u00e3o.jpeg\" alt=\"\" width=\"438\" height=\"239\" \/><\/p>\n<p style=\"text-align: justify;\">O Projeto de Extens\u00e3o Educa\u00e7\u00e3o e Ludicidade Africana e Afro-brasileira (Laab), coordenado pela professora Dra. D\u00e9bora Alfaia da Cunha, da Faculdade de Pedagogia da UFPA em Castanhal, existe desde 2011 e vem atuando na forma\u00e7\u00e3o de alunos de Pedagogia e de professores do fundamental para o uso de metodologias l\u00fadicas e de recursos did\u00e1ticos espec\u00edficos, voltados ao ensino de cultura e hist\u00f3ria africana e afro-brasileira e \u00e0 compreens\u00e3o da realidade e das especificidades das escolas quilombolas da Amaz\u00f4nia Paraense.<\/p>\n<p>Em 9 anos de hist\u00f3ria, o projeto j\u00e1 realizou oficinas, eventos, rodas de conversa, tardes l\u00fadicas, exibi\u00e7\u00e3o de filmes, visitas a comunidades quilombolas, al\u00e9m de publicar artigos, colet\u00e2neas e e-books. A \u00faltima publica\u00e7\u00e3o \u00e9 o e-book \u201cEduca\u00e7\u00e3o, Negritude e Interculturalidade\u201d, organizado pela coordenadora do Laab. A obra re\u00fane artigos elaborados e apresentados em diferentes eventos da \u00e1rea da educa\u00e7\u00e3o por integrantes do projeto de extens\u00e3o.<\/p>\n<p>De acordo com a professora D\u00e9bora Alfaia, os trabalhos marcam, ainda, o in\u00edcio da organiza\u00e7\u00e3o do Grupo de Estudo e Pesquisa em Interculturalidade e Educa\u00e7\u00e3o (GEPIntE). A professora tamb\u00e9m fala sobre a inten\u00e7\u00e3o do e-book.<\/p>\n<p>&#8220;O intuito da obra \u00e9 se constituir em um canal mais eficiente de divulga\u00e7\u00e3o das a\u00e7\u00f5es de pesquisa e extens\u00e3o desenvolvidas pelo projeto LAAB e pelo GEPIntE&#8221;, conta a professora, que tamb\u00e9m traz os detalhes sobre a estrutura do e-book.<\/p>\n<p>&#8220;O livro apresenta 14 artigos, distribu\u00eddos em dois momentos, com sete textos cada. O primeiro, denominado &#8216;Contribui\u00e7\u00f5es metodol\u00f3gicas para a educa\u00e7\u00e3o das rela\u00e7\u00f5es \u00e9tnico-raciais&#8217;, re\u00fane artigos voltados \u00e0 proposi\u00e7\u00e3o de estrat\u00e9gias did\u00e1ticas l\u00fadicas para a educa\u00e7\u00e3o cultural e o combate ao racismo no espa\u00e7o escolar. Diferentes a\u00e7\u00f5es s\u00e3o apresentadas e debatidas nos artigos, como o uso de jogos e tabuleiros africanos; a conta\u00e7\u00e3o de hist\u00f3rias da tradi\u00e7\u00e3o africana e afro-brasileira; a literatura, a etnomatem\u00e1tica, o cinema e a produ\u00e7\u00e3o de jogos digitais.\u00a0A segunda parte da obra, intitulada &#8216;Pesquisas em educa\u00e7\u00e3o e interculturalidade&#8217;, apresenta os resultados de diferentes investiga\u00e7\u00f5es, sendo que a maioria destas focam na viv\u00eancia de jovens adultos, em especial de negros, na educa\u00e7\u00e3o superior. Apenas o \u00faltimo artigo foge dessa problem\u00e1tica, mas apresenta um debate fundamental acerca da garantia de direito \u00e0 educa\u00e7\u00e3o para os negros, tendo a revis\u00e3o das cartas constitucionais como base&#8221;.<\/p>\n<p><b>Den\u00fancia ao racismo<\/b>\u00a0&#8211; Entre os outros estudos, dois voltam-se a experi\u00eancia dos alunos de l\u00edngua espanhola na p\u00f3s-gradua\u00e7\u00e3o da UFPA, tratando a tem\u00e1tica da imigra\u00e7\u00e3o tempor\u00e1ria. Na mesma linha, outro artigo foca a problem\u00e1tica dos alunos africanos que se deslocam para o Brasil para fazer um curso universit\u00e1rio. Tr\u00eas textos versam sobre os desafios vivenciados por discentes negros ou negras nos cursos de gradua\u00e7\u00e3o da UFPA. Todos os seis textos possuem em comum a den\u00fancia ao racismo estrutural ainda presente no cotidiano acad\u00eamico e a urg\u00eancia de uma nova epistemologia, que respeite e dialogue com os diferentes saberes culturais trazidos por esses alunos e alunas.<\/p>\n<p>No atual contexto, onde diversos protestos e manifesta\u00e7\u00f5es contra o racismo estampam os notici\u00e1rios, o e-book do Laab surge como mais uma ferramenta para instigar debates e auxiliar no movimento fundamental de denunciar e anunciar uma nova educa\u00e7\u00e3o, que respeite a vida e o direito de viver a diferen\u00e7a.<\/p>\n<p>Para consultar a obra, clique\u00a0<a href=\"https:\/\/laab.pro.br\/publicacoes-laab\/file\/8-e-book-educacao-negritude-e-interculturalidade.html\" target=\"_blank\" rel=\"noopener\" data-saferedirecturl=\"https:\/\/www.google.com\/url?q=https:\/\/laab.pro.br\/publicacoes-laab\/file\/8-e-book-educacao-negritude-e-interculturalidade.html&amp;source=gmail&amp;ust=1592322258117000&amp;usg=AFQjCNHgR-kjHhiFZ4UD2p-Kn-6bX1beow\">aqui<\/a>\u00a0e para conhecer o site do Laab, clique\u00a0<a href=\"https:\/\/laab.pro.br\/\" target=\"_blank\" rel=\"noopener\" data-saferedirecturl=\"https:\/\/www.google.com\/url?q=https:\/\/laab.pro.br&amp;source=gmail&amp;ust=1592322258117000&amp;usg=AFQjCNH1LFPGDMwZn-0WgrBPdeTIN6VzcQ\">aqui<\/a>.<\/p>\n<p>Texto: Ascom &#8211; UFPA\/Castanhal<\/p>\n","protected":false},"excerpt":{"rendered":"<p>O Projeto de Extens\u00e3o Educa\u00e7\u00e3o e Ludicidade Africana e Afro-brasileira (Laab), coordenado pela professora Dra. D\u00e9bora Alfaia da Cunha, da Faculdade de Pedagogia da UFPA em Castanhal, existe desde 2011 e vem atuando na forma\u00e7\u00e3o de alunos de Pedagogia e de professores do fundamental para o uso de metodologias l\u00fadicas e de recursos did\u00e1ticos espec\u00edficos, [&hellip;]<\/p>\n","protected":false},"author":2,"featured_media":3363,"comment_status":"open","ping_status":"open","sticky":false,"template":"","format":"standard","meta":{"_exactmetrics_skip_tracking":false,"_exactmetrics_sitenote_active":false,"_exactmetrics_sitenote_note":"","_exactmetrics_sitenote_category":0},"categories":[1],"tags":[],"_links":{"self":[{"href":"https:\/\/campuscastanhal.ufpa.br\/index.php?rest_route=\/wp\/v2\/posts\/3364"}],"collection":[{"href":"https:\/\/campuscastanhal.ufpa.br\/index.php?rest_route=\/wp\/v2\/posts"}],"about":[{"href":"https:\/\/campuscastanhal.ufpa.br\/index.php?rest_route=\/wp\/v2\/types\/post"}],"author":[{"embeddable":true,"href":"https:\/\/campuscastanhal.ufpa.br\/index.php?rest_route=\/wp\/v2\/users\/2"}],"replies":[{"embeddable":true,"href":"https:\/\/campuscastanhal.ufpa.br\/index.php?rest_route=%2Fwp%2Fv2%2Fcomments&post=3364"}],"version-history":[{"count":1,"href":"https:\/\/campuscastanhal.ufpa.br\/index.php?rest_route=\/wp\/v2\/posts\/3364\/revisions"}],"predecessor-version":[{"id":3365,"href":"https:\/\/campuscastanhal.ufpa.br\/index.php?rest_route=\/wp\/v2\/posts\/3364\/revisions\/3365"}],"wp:featuredmedia":[{"embeddable":true,"href":"https:\/\/campuscastanhal.ufpa.br\/index.php?rest_route=\/wp\/v2\/media\/3363"}],"wp:attachment":[{"href":"https:\/\/campuscastanhal.ufpa.br\/index.php?rest_route=%2Fwp%2Fv2%2Fmedia&parent=3364"}],"wp:term":[{"taxonomy":"category","embeddable":true,"href":"https:\/\/campuscastanhal.ufpa.br\/index.php?rest_route=%2Fwp%2Fv2%2Fcategories&post=3364"},{"taxonomy":"post_tag","embeddable":true,"href":"https:\/\/campuscastanhal.ufpa.br\/index.php?rest_route=%2Fwp%2Fv2%2Ftags&post=3364"}],"curies":[{"name":"wp","href":"https:\/\/api.w.org\/{rel}","templated":true}]}}