{"id":3377,"date":"2020-06-23T13:27:46","date_gmt":"2020-06-23T16:27:46","guid":{"rendered":"https:\/\/campuscastanhal.ufpa.br\/?p=3377"},"modified":"2020-06-23T13:27:46","modified_gmt":"2020-06-23T16:27:46","slug":"ufpa-abre-inscricao-para-auxilio-emergencial-alimentacao-para-estudantes","status":"publish","type":"post","link":"https:\/\/campuscastanhal.ufpa.br\/?p=3377","title":{"rendered":"UFPA abre inscri\u00e7\u00e3o para Aux\u00edlio Emergencial Alimenta\u00e7\u00e3o para estudantes"},"content":{"rendered":"<p><img decoding=\"async\" loading=\"lazy\" class=\"wp-image-3376 aligncenter\" src=\"https:\/\/campuscastanhal.ufpa.br\/wp-content\/uploads\/2020\/imagens\/Saest.jpg\" alt=\"\" width=\"446\" height=\"243\" \/><\/p>\n<p style=\"text-align: justify;\">A Universidade Federal do Par\u00e1 (UFPA), por meio da Superintend\u00eancia de Assist\u00eancia Estudantil (saest), iniciou, nesta segunda-feira, 22 de junho, e segue at\u00e9 10 de julho de 2020, o per\u00edodo de inscri\u00e7\u00f5es para a concess\u00e3o de\u00a0<a href=\"http:\/\/www.saest.ufpa.br\/portal\/images\/Editais\/2020.05.Alimentacao.Emergencial.2020.pdf\" target=\"_blank\" rel=\"noopener noreferrer\">Aux\u00edlio Emergencial Alimenta\u00e7\u00e3o<\/a>\u00a0para estudantes em situa\u00e7\u00e3o de vulnerabilidade socioecon\u00f4mica.<\/p>\n<p style=\"text-align: justify;\">Est\u00e3o sendo ofertados 1.500 aux\u00edlios no valor de R$ 150,00 reais. O aux\u00edlio ser\u00e1 concedido enquanto perdurar a suspens\u00e3o das atividades presenciais nos <em>campi<\/em> e nos Restaurantes Universit\u00e1rios. O aux\u00edlio alimenta\u00e7\u00e3o foi uma reivindica\u00e7\u00e3o do Diret\u00f3rio Central dos Estudante e de Centros Acad\u00eamicos, como medida de prote\u00e7\u00e3o aos alunos diante da pandemia da Covid-19.<\/p>\n<p style=\"text-align: justify;\"><strong>Quem pode solicitar &#8211;\u00a0<\/strong>Discentes da UFPA regularmente matriculados em cursos de gradua\u00e7\u00e3o no per\u00edodo letivo\u00a02020, com as seguintes prioridades: discentes deferidos no Programa Perman\u00eancia 2020 listados no Cadastro de Reserva; discentes que j\u00e1 est\u00e3o sendo assistidos pela folha do Aux\u00edlio Taxa Zero; cotistas em geral, desde que a renda per capita familiar n\u00e3o ultrapasse a 1,5 (um e meio) sal\u00e1rio m\u00ednimo vigente; \u00a0e n\u00e3o cotista em geral, desde que a renda per capita familiar n\u00e3o ultrapasse a 1,5 (um e meio) sal\u00e1rio m\u00ednimo vigente.<\/p>\n<p style=\"text-align: justify;\"><strong>Inscri\u00e7\u00e3o<\/strong>\u00a0&#8211; Para se inscrever, deve-se acessar o\u00a0<a href=\"http:\/\/www.sigaest.ufpa.br\/sigaest\/inicial.php\" target=\"_blank\" rel=\"noopener noreferrer\">Sistema Gerencial de Assist\u00eancia Estudantil (SIGAEST)<\/a>, clicar em Aux\u00edlio Alimenta\u00e7\u00e3o Emergencial\/2020, preencher o Question\u00e1rio Socioecon\u00f4mico de forma completa.<\/p>\n<p style=\"text-align: justify;\">Ap\u00f3s a realiza\u00e7\u00e3o da inscri\u00e7\u00e3o, devem ser enviados os documentos exigidos no\u00a0<a href=\"http:\/\/www.saest.ufpa.br\/portal\/images\/Editais\/2020.05.Alimentacao.Emergencial.2020.pdf\" target=\"_blank\" rel=\"noopener noreferrer\">edital<\/a>, de forma\u00a0<em>on<\/em><em>&#8211;<\/em><em>lin<\/em>e, por meio exclusivo do Sigaest, em arquivo formato JPG, e tamanho m\u00e1ximo de 500 Kbytes.<\/p>\n<p style=\"text-align: justify;\"><strong>Quem n\u00e3o pode solicitar &#8211;\u00a0<\/strong>N\u00e3o ser\u00e3o assistidos pelo Aux\u00edlio Alimenta\u00e7\u00e3o Emergencial os discentes que estejam dentro dos seguintes requisitos: de curso de gradua\u00e7\u00e3o a dist\u00e2ncia, curso de gradua\u00e7\u00e3o autofinanciado e outros de mesma natureza; \u00a0deferidos nos Aux\u00edlios Perman\u00eancia e Moradia2020; assistidos pelos Aux\u00edlios: Intervalar, Casa de Estudante e Estudante Estrangeiro; assistidos pela Bolsa de Apoio \u00e0 Atividade Acad\u00eamica (Bolsa\/Saest); assistidos \u00a0pelo Programa Bolsa Perman\u00eancia\/MEC; Aux\u00edlio Moradia para Ind\u00edgenas e Quilombolas; assistidos \u00a0por bolsas acad\u00eamicas (Pibic, Pibex, Monitoria, PET) entre outras de mesma natureza); assistidos pela Bolsa\/Trabalho (Proad); que estejam com pend\u00eancias de presta\u00e7\u00e3o de contas na Saest, a exemplo dos aux\u00edlios: Creche, Instruir, Acesso \u00e0s L\u00ednguas Estrangeiras (Prol\u00ednguas), Kit Acad\u00eamico, Kit Acad\u00eamico PcD e Apoio \u00e0 Viagem Acad\u00eamica (AVA), al\u00e9m de di\u00e1rias e passagens via SCDP\/UFPA.<\/p>\n<p><strong>Servi\u00e7o<\/strong><strong>:<\/strong><\/p>\n<p>Inscri\u00e7\u00e3o Aux\u00edlio Alimenta\u00e7\u00e3o Emergencial\/2020<br \/>\nInscri\u00e7\u00f5es: 22 junho a 10 de julho de 2020<br \/>\nInforma\u00e7\u00f5es: \u00a0WhatsApp: (91) 98333-2895<br \/>\nE-mails:\u00a0<span id=\"cloak637b514c34635db23fd62ff168b06e10\">saestcie@ufpa.br<\/span>,\u00a0<span id=\"cloak0b1ece054b856ffa24732d1c2c9e5e6d\">saestcae@ufpa.br<a href=\"mailto:saestcae@ufpa.br\"><br \/>\n<\/a><\/span>Acesse edital\u00a0<a href=\"http:\/\/www.saest.ufpa.br\/portal\/images\/Editais\/2020.05.Alimentacao.Emergencial.2020.pdf\" target=\"_blank\" rel=\"noopener noreferrer\">aqui<br \/>\n<\/a>Mais informa\u00e7\u00f5es na\u00a0<a href=\"http:\/\/saest.ufpa.br\/portal\/\" target=\"_blank\" rel=\"noopener noreferrer\">p\u00e1gina da Saest<\/a><\/p>\n<p>Texto e arte: Assessoria Saest<\/p>\n","protected":false},"excerpt":{"rendered":"<p>A Universidade Federal do Par\u00e1 (UFPA), por meio da Superintend\u00eancia de Assist\u00eancia Estudantil (saest), iniciou, nesta segunda-feira, 22 de junho, e segue at\u00e9 10 de julho de 2020, o per\u00edodo de inscri\u00e7\u00f5es para a concess\u00e3o de\u00a0Aux\u00edlio Emergencial Alimenta\u00e7\u00e3o\u00a0para estudantes em situa\u00e7\u00e3o de vulnerabilidade socioecon\u00f4mica. Est\u00e3o sendo ofertados 1.500 aux\u00edlios no valor de R$ 150,00 reais. [&hellip;]<\/p>\n","protected":false},"author":2,"featured_media":3376,"comment_status":"open","ping_status":"open","sticky":false,"template":"","format":"standard","meta":{"_exactmetrics_skip_tracking":false},"categories":[1],"tags":[],"_links":{"self":[{"href":"https:\/\/campuscastanhal.ufpa.br\/index.php?rest_route=\/wp\/v2\/posts\/3377"}],"collection":[{"href":"https:\/\/campuscastanhal.ufpa.br\/index.php?rest_route=\/wp\/v2\/posts"}],"about":[{"href":"https:\/\/campuscastanhal.ufpa.br\/index.php?rest_route=\/wp\/v2\/types\/post"}],"author":[{"embeddable":true,"href":"https:\/\/campuscastanhal.ufpa.br\/index.php?rest_route=\/wp\/v2\/users\/2"}],"replies":[{"embeddable":true,"href":"https:\/\/campuscastanhal.ufpa.br\/index.php?rest_route=%2Fwp%2Fv2%2Fcomments&post=3377"}],"version-history":[{"count":1,"href":"https:\/\/campuscastanhal.ufpa.br\/index.php?rest_route=\/wp\/v2\/posts\/3377\/revisions"}],"predecessor-version":[{"id":3378,"href":"https:\/\/campuscastanhal.ufpa.br\/index.php?rest_route=\/wp\/v2\/posts\/3377\/revisions\/3378"}],"wp:featuredmedia":[{"embeddable":true,"href":"https:\/\/campuscastanhal.ufpa.br\/index.php?rest_route=\/wp\/v2\/media\/3376"}],"wp:attachment":[{"href":"https:\/\/campuscastanhal.ufpa.br\/index.php?rest_route=%2Fwp%2Fv2%2Fmedia&parent=3377"}],"wp:term":[{"taxonomy":"category","embeddable":true,"href":"https:\/\/campuscastanhal.ufpa.br\/index.php?rest_route=%2Fwp%2Fv2%2Fcategories&post=3377"},{"taxonomy":"post_tag","embeddable":true,"href":"https:\/\/campuscastanhal.ufpa.br\/index.php?rest_route=%2Fwp%2Fv2%2Ftags&post=3377"}],"curies":[{"name":"wp","href":"https:\/\/api.w.org\/{rel}","templated":true}]}}