{"id":3381,"date":"2020-06-27T23:04:21","date_gmt":"2020-06-28T02:04:21","guid":{"rendered":"https:\/\/campuscastanhal.ufpa.br\/?p=3381"},"modified":"2020-06-28T16:22:33","modified_gmt":"2020-06-28T19:22:33","slug":"eleicao-para-a-reitoria-da-ufpa-sera-realizada-nos-dias-29-e-30","status":"publish","type":"post","link":"https:\/\/campuscastanhal.ufpa.br\/?p=3381","title":{"rendered":"Consulta para escolha dos dirigentes da UFPA ser\u00e1 realizada nos dias 29 e 30"},"content":{"rendered":"<p><img decoding=\"async\" loading=\"lazy\" class=\"wp-image-3392 aligncenter\" src=\"https:\/\/campuscastanhal.ufpa.br\/wp-content\/uploads\/2020\/imagens\/Foto_Reitoria_Thiago_Pelaes_drone.jpg\" alt=\"\" width=\"440\" height=\"240\" \/><\/p>\n<p style=\"text-align: justify;\">Nos dias 29 e 30 de junho (9h do dia 29 \u00e0s 21h do dia 30 de junho) ser\u00e1 realizada, via sistema eletr\u00f4nico <strong><a href=\"https:\/\/sigeleicao.ufpa.br\/sigeleicao\/\" target=\"_blank\" rel=\"noopener\">SIG-Elei\u00e7\u00e3o<\/a><\/strong>, a consulta pr\u00e9via \u00e0 comunidade universit\u00e1ria para escolha dos dirigentes da Universidade Federal do Par\u00e1 (UFPA), no per\u00edodo 2020-2024.<\/p>\n<p style=\"text-align: justify;\">As listas finais de votantes aptos a participar da consulta foram divulgadas na segunda-feira, dia 22 de junho, pela Comiss\u00e3o Organizadora da Consulta (COC), no site <strong><a href=\"http:\/\/www.consulta2020.ufpa.br\" target=\"_blank\" rel=\"noopener\">www.consulta2020.ufpa.br<\/a><\/strong>. Nelas, \u00e9 poss\u00edvel conferir os nomes dos docentes, t\u00e9cnicos-administrativos e discentes de gradua\u00e7\u00e3o, de p\u00f3s-gradua\u00e7\u00e3o e da Escola de Aplica\u00e7\u00e3o aptos \u00e0 vota\u00e7\u00e3o. Tamb\u00e9m \u00e9 poss\u00edvel conhecer, <strong><a href=\"https:\/\/consulta2020.ufpa.br\/chapas-inscritas\" target=\"_blank\" rel=\"noopener\">no site<\/a><\/strong>, as chapas inscritas e os curr\u00edculos dos candidatos.<\/p>\n<p style=\"text-align: justify;\">A Coordena\u00e7\u00e3o do Campus de Castanhal disponibilizar\u00e1, tanto em Castanhal quanto no interior, os seguintes espa\u00e7os para vota\u00e7\u00e3o, a fim de atender \u00e0queles que n\u00e3o t\u00eam acesso \u00e0 internet em casa. Confira:<\/p>\n<div>\n<div style=\"text-align: justify;\">&#8211; <strong>Campus Castanhal<\/strong> &#8211; Secretaria das Faculdades<br \/>\n&#8211; <strong>M\u00e3e do Rio<\/strong> &#8211; Laborat\u00f3rio da turma de Sistemas de Informa\u00e7\u00e3o na escola Louren\u00e7o Scott<br \/>\n&#8211; <strong>S\u00e3o Caetano<\/strong> &#8211; Sede da Secretaria Municipal de Sa\u00fade<\/div>\n<div style=\"text-align: justify;\"><span style=\"text-align: justify;\"><br \/>\nPara saber como votar no sistema eletr\u00f4nico SIG-Elei\u00e7\u00e3o, clique <\/span><strong style=\"text-align: justify;\"><a href=\"https:\/\/portal.ufpa.br\/sigufpa\/manuais\/manual_sigeleicao.pdf\" target=\"_blank\" rel=\"noopener\">aqui<\/a><\/strong><span style=\"text-align: justify;\">.<\/span>A consulta \u00e9 um importante momento democr\u00e1tico que integra os processos eleitorais nas institui\u00e7\u00f5es de ensino, pois possibilita que a comunidade universit\u00e1ria se posicione em rela\u00e7\u00e3o aos gestores que deseja ter nos pr\u00f3ximos quatro anos.<\/div>\n<div style=\"text-align: justify;\">\n<div style=\"text-align: justify;\"><\/div>\n<\/div>\n<\/div>\n","protected":false},"excerpt":{"rendered":"<p>Nos dias 29 e 30 de junho (9h do dia 29 \u00e0s 21h do dia 30 de junho) ser\u00e1 realizada, via sistema eletr\u00f4nico SIG-Elei\u00e7\u00e3o, a consulta pr\u00e9via \u00e0 comunidade universit\u00e1ria para escolha dos dirigentes da Universidade Federal do Par\u00e1 (UFPA), no per\u00edodo 2020-2024. As listas finais de votantes aptos a participar da consulta foram divulgadas [&hellip;]<\/p>\n","protected":false},"author":2,"featured_media":3392,"comment_status":"open","ping_status":"open","sticky":false,"template":"","format":"standard","meta":{"_exactmetrics_skip_tracking":false,"_exactmetrics_sitenote_active":false,"_exactmetrics_sitenote_note":"","_exactmetrics_sitenote_category":0},"categories":[1],"tags":[],"_links":{"self":[{"href":"https:\/\/campuscastanhal.ufpa.br\/index.php?rest_route=\/wp\/v2\/posts\/3381"}],"collection":[{"href":"https:\/\/campuscastanhal.ufpa.br\/index.php?rest_route=\/wp\/v2\/posts"}],"about":[{"href":"https:\/\/campuscastanhal.ufpa.br\/index.php?rest_route=\/wp\/v2\/types\/post"}],"author":[{"embeddable":true,"href":"https:\/\/campuscastanhal.ufpa.br\/index.php?rest_route=\/wp\/v2\/users\/2"}],"replies":[{"embeddable":true,"href":"https:\/\/campuscastanhal.ufpa.br\/index.php?rest_route=%2Fwp%2Fv2%2Fcomments&post=3381"}],"version-history":[{"count":11,"href":"https:\/\/campuscastanhal.ufpa.br\/index.php?rest_route=\/wp\/v2\/posts\/3381\/revisions"}],"predecessor-version":[{"id":3395,"href":"https:\/\/campuscastanhal.ufpa.br\/index.php?rest_route=\/wp\/v2\/posts\/3381\/revisions\/3395"}],"wp:featuredmedia":[{"embeddable":true,"href":"https:\/\/campuscastanhal.ufpa.br\/index.php?rest_route=\/wp\/v2\/media\/3392"}],"wp:attachment":[{"href":"https:\/\/campuscastanhal.ufpa.br\/index.php?rest_route=%2Fwp%2Fv2%2Fmedia&parent=3381"}],"wp:term":[{"taxonomy":"category","embeddable":true,"href":"https:\/\/campuscastanhal.ufpa.br\/index.php?rest_route=%2Fwp%2Fv2%2Fcategories&post=3381"},{"taxonomy":"post_tag","embeddable":true,"href":"https:\/\/campuscastanhal.ufpa.br\/index.php?rest_route=%2Fwp%2Fv2%2Ftags&post=3381"}],"curies":[{"name":"wp","href":"https:\/\/api.w.org\/{rel}","templated":true}]}}