{"id":3521,"date":"2020-09-09T15:15:05","date_gmt":"2020-09-09T18:15:05","guid":{"rendered":"https:\/\/campuscastanhal.ufpa.br\/?p=3521"},"modified":"2020-09-10T07:54:55","modified_gmt":"2020-09-10T10:54:55","slug":"homenagem-do-imv-aos-medicos-veterinarios","status":"publish","type":"post","link":"https:\/\/campuscastanhal.ufpa.br\/?p=3521","title":{"rendered":"Homenagem do IMV aos M\u00e9dicos Veterin\u00e1rios"},"content":{"rendered":"<p><img decoding=\"async\" loading=\"lazy\" class=\"wp-image-3520 aligncenter\" src=\"https:\/\/campuscastanhal.ufpa.br\/wp-content\/uploads\/2020\/imagens\/leo2.jpeg\" alt=\"\" width=\"321\" height=\"438\" \/><\/p>\n<p style=\"text-align: center;\"><span style=\"font-size: 10px;\">Prof. Dr. Le\u00f4nidas Oleg\u00e1rio &#8211; Diretor do Instituto de Medicina Veterin\u00e1ria (UFPA\/Castanhal) e Eva<\/span><\/p>\n<p style=\"text-align: justify;\"><span style=\"font-weight: 400;\">A Dire\u00e7\u00e3o-Geral do instituto de Medicina Veterin\u00e1ria (IMV) do Campus de Castanhal da Universidade Federal do Par\u00e1 (UFPA) sa\u00fada os profissionais da Medicina Veterin\u00e1ria pela data de 09 de setembro, que \u00e9 consagrado em comemorar o Dia do M\u00e9dico Veterin\u00e1rio.<\/span><\/p>\n<p style=\"text-align: justify;\"><span style=\"font-weight: 400;\">Desde o Per\u00edodo Imperial, no Brasil, a pr\u00e1tica da Medicina Veterin\u00e1ria \u00e9 executada, ao que o ensino da profiss\u00e3o existe desde os anos de 1910<\/span><span style=\"font-weight: 400;\">. Contudo, apenas em 09 de setembro de<\/span><span style=\"font-weight: 400;\"> 1933, o ent\u00e3o Presidente da Rep\u00fablica Get\u00falio Vargas, <\/span><span style=\"font-weight: 400;\">atrav\u00e9s do Decreto n\u00ba 23.133, normatizou a atua\u00e7\u00e3o do m\u00e9dico veterin\u00e1rio para o ensino da profiss\u00e3o.\u00a0<\/span><\/p>\n<p style=\"text-align: justify;\"><span style=\"font-weight: 400;\">Em 1968, atrav\u00e9s da Lei n\u00ba 5.517, houve a cria\u00e7\u00e3o dos Conselhos Federal e Regional de Medicina Veterin\u00e1ria, cuja fun\u00e7\u00e3o \u00e9 fiscalizar o exerc\u00edcio da profiss\u00e3o e proceder ao registro profissional da categoria.<\/span><\/p>\n<p style=\"text-align: justify;\"><span style=\"font-weight: 400;\">At\u00e9 ent\u00e3o, muito se fez em rela\u00e7\u00e3o \u00e0 lida com as pr\u00e1ticas agr\u00e1rias \u00e0s mais variadas esp\u00e9cies, desde seu acompanhamento na fazenda ou, ainda, na aquisi\u00e7\u00e3o do pescado natural ou atrav\u00e9s do cultivo, quando zootecnistas e agr\u00f4nomos somam esfor\u00e7os. Desse modo, h\u00e1 preocupa\u00e7\u00e3o com a sanidade dos animais transportados at\u00e9 a linha de abate e na distribui\u00e7\u00e3o at\u00e9 o com\u00e9rcio, al\u00e9m da fiscaliza\u00e7\u00e3o de sua conserva\u00e7\u00e3o at\u00e9 a aquisi\u00e7\u00e3o por parte da popula\u00e7\u00e3o no mercado interno, vigil\u00e2ncia dos que manufaturam tais alimentos, e fiel cumprimento das exig\u00eancias do mercado externo.\u00a0<\/span><\/p>\n<p style=\"text-align: justify;\"><span style=\"font-weight: 400;\">\u00c9 importante frisar, ainda, que a sa\u00fade do animal est\u00e1 sendo observada e mantida para sua preserva\u00e7\u00e3o, assim como para a preserva\u00e7\u00e3o da sa\u00fade daqueles que os ir\u00e3o consumir, al\u00e9m do estrito cuidado com as enfermidades que se alojam nos animais e que por vezes afetam os seres humanos, denominadas zoonoses.<\/span><\/p>\n<p style=\"text-align: justify;\"><span style=\"font-weight: 400;\">De outro modo, a aten\u00e7\u00e3o da sanidade animal se faz, tamb\u00e9m, na lida com os animais de companhia, associada a animais menores que adentram aos lares (c\u00e3es e gatos e outras esp\u00e9cies ex\u00f3ticas), assim como na preserva\u00e7\u00e3o da fauna silvestre que habita o extenso territ\u00f3rio brasileiro, e que requer cuidados m\u00e9dico-veterin\u00e1rios.<\/span><\/p>\n<p style=\"text-align: justify;\"><span style=\"font-weight: 400;\">Essa vasta gama de esp\u00e9cies dom\u00e9sticas e n\u00e3o dom\u00e9sticas prescinde de respons\u00e1veis estudos de preserva\u00e7\u00e3o do meio ambiente, quando o m\u00e9dico veterin\u00e1rio, junto aos zootecnistas, agr\u00f4nomos e bi\u00f3logos fundamentam as pr\u00e1ticas zoot\u00e9cnicas de melhor ambi\u00eancia.<\/span><\/p>\n<p style=\"text-align: justify;\"><span style=\"font-weight: 400;\">Nas escolas onde s\u00e3o ensinadas as ci\u00eancias b\u00e1sicas para lidar com os animais usados para os experimentos necess\u00e1rios, as pr\u00e1ticas de bioterismo se tornam essenciais na busca de diversos medicamentos e vacinas de implementa\u00e7\u00e3o tanto para humanos e n\u00e3o humanos, atrav\u00e9s do empenho de m\u00e9dicos veterin\u00e1rio, farmac\u00eauticos, bi\u00f3logo, biom\u00e9dicos e outros profissionais.<\/span><\/p>\n<p style=\"text-align: justify;\"><span style=\"font-weight: 400;\">No conhecimento da patologia do <\/span><i><span style=\"font-weight: 400;\">posmortem, <\/span><\/i><span style=\"font-weight: 400;\">importantes saberes adv\u00eam atrav\u00e9s da busca diagn\u00f3stica da causalidade, ao que novos desafios s\u00e3o impostos, onde o m\u00e9dico veterin\u00e1rio \u00e9 imprescind\u00edvel na busca das normas e resolu\u00e7\u00f5es da deontologia e leis ambientais, inclusive diante dos delineamentos c\u00edveis de determinados processos.\u00a0\u00a0<\/span><\/p>\n<p style=\"text-align: justify;\"><span style=\"font-weight: 400;\">As atividades conjuntas de profissionais incumbidos em preservar a sa\u00fade humana e seu bem-estar se tornou patente em absorver os conhecimentos da medicina veterin\u00e1ria, quanto ao controle da defesa e sa\u00fade animal nos variados campos do controle epidemiol\u00f3gico. Hoje, o m\u00e9dico veterin\u00e1rio ocupa n\u00e3o s\u00f3 a grande \u00e1rea das ci\u00eancias agr\u00e1rias, mas tamb\u00e9m o espa\u00e7o de importante agente de sa\u00fade p\u00fablica.<\/span><\/p>\n<p style=\"text-align: justify;\"><span style=\"font-weight: 400;\">O Conselho Federal de Medicina Veterin\u00e1ria j\u00e1 computou mais de 80 atividades de a\u00e7\u00e3o do m\u00e9dico veterin\u00e1rio. Contudo, a falta de informa\u00e7\u00e3o de algumas pessoas ainda desabona essa profiss\u00e3o, por desconhecimento da extens\u00e3o de suas a\u00e7\u00f5es. Em fun\u00e7\u00e3o disso, principalmente em meio \u00e0 pandemia instalada, por v\u00e1rias vezes os Conselhos Regionais de Medicina Veterin\u00e1ria, assim como o pr\u00f3prio Conselho Federal, t\u00eam se manifestado a fim de tornar p\u00fablico os esclarecimentos de que esse profissional apresenta compet\u00eancia para assumir cadeiras nas secretarias de sa\u00fade dos munic\u00edpios e estados, al\u00e9m da capacidade de chefiar equipes epidemiol\u00f3gicas e de pandemia, e ainda grupos de pesquisas na busca e vacinas para uso humano e n\u00e3o humano.<\/span><\/p>\n<p style=\"text-align: justify;\"><span style=\"font-weight: 400;\">Para dar o suporte necess\u00e1rio ao nordeste paraense a UFPA criou, no ano 2000, o \u00fanico Curso de Medicina Veterin\u00e1ria entre os seus 11 <\/span><i><span style=\"font-weight: 400;\">Campi<\/span><\/i><span style=\"font-weight: 400;\"> distribu\u00eddos no estado do Par\u00e1, instalado no Campus Universit\u00e1rio de Castanhal. Ao longo dos anos, o referido Curso agregou um not\u00f3rio corpo docente que redundou na implementa\u00e7\u00e3o de estrutura adequada para a forma\u00e7\u00e3o de promissores m\u00e9dicos veterin\u00e1rios, os quais, desde a sua cria\u00e7\u00e3o, v\u00eam dando resultados excelentes ao que a sociedade paraense merece em termos de qualifica\u00e7\u00e3o profissional.<\/span><\/p>\n<p style=\"text-align: justify;\"><span style=\"font-weight: 400;\">Inicialmente, havia apenas a Gradua\u00e7\u00e3o em Medicina Veterin\u00e1ria. Desde ent\u00e3o, houve amplo desenvolvimento, culminando na cria\u00e7\u00e3o do Instituto de Medicina Veterin\u00e1ria (IMV). O IMV foi, assim, instalado em parceria com o Instituto Federal do Par\u00e1 (IFPA), oriundo de um importante conv\u00eanio entre as duas Institui\u00e7\u00f5es Federais. O IMV conta, ainda, com os Programas de P\u00f3s-Gradua\u00e7\u00e3o em Sa\u00fade Animal na Amaz\u00f4nia (PPGSAAM), Ci\u00eancia Animal (PPGCAN) e Reprodu\u00e7\u00e3o Animal na Amaz\u00f4nia (ReproAmazon), este \u00faltimo implementado por meio de importante parceria com a Universidade Federal Rural da Amaz\u00f4nia (UFRA).<\/span><\/p>\n<p style=\"text-align: justify;\"><span style=\"font-weight: 400;\">Em sua estrutura, o IMV conta com dois blocos de salas de aula, um restaurante universit\u00e1rio, 12 (doze) laborat\u00f3rios de ensino, pesquisa e extens\u00e3o, a Central de Biotecnologia de Reprodu\u00e7\u00e3o Animal (CEBRAN) e um Hospital Veterin\u00e1rio Universit\u00e1rio (HV), contemplando tr\u00eas setores: <\/span><span style=\"font-weight: 400;\">cl\u00ednica m\u00e9dica e cir\u00fargica de c\u00e3es e gatos, de animais de produ\u00e7\u00e3o e de animais silvestres da fauna nativa.<\/span><span style=\"font-weight: 400;\">\u00a0<\/span><\/p>\n<p style=\"text-align: justify;\"><span style=\"font-weight: 400;\">Vinculado ao HV, est\u00e3o: o Programa de Resid\u00eancia em \u00c1rea Profissional da Sa\u00fade \u2013 Cl\u00ednica M\u00e9dica e Reprodu\u00e7\u00e3o de Ruminantes e Equ\u00eddeos, Cl\u00ednica M\u00e9dica e Cir\u00fargica de Pequenos Animais e Cl\u00ednica M\u00e9dica e Cir\u00fargica de Animais Silvestres. Foi criado, recentemente, o Programa de Resid\u00eancia em Patologia vinculado ao Laborat\u00f3rio de Anatomia Patol\u00f3gica Animal do IMV.<\/span><\/p>\n<p style=\"text-align: justify;\"><span style=\"font-weight: 400;\">Tal estrutura f\u00edsica tende a promover a forma\u00e7\u00e3o de bons profissionais da medicina veterin\u00e1ria e sua complementariedade nos Programas de P\u00f3s-Gradua\u00e7\u00e3o, porque agrega uma equipe de servidores t\u00e9cnico-administrativos e docentes m\u00e9dicos veterin\u00e1rios, zootecnistas, agr\u00f4nomos, bi\u00f3logos e biom\u00e9dicos com qualifica\u00e7\u00e3o de excel\u00eancia.<\/span><\/p>\n<p style=\"text-align: justify;\"><span style=\"font-weight: 400;\">Por todas essas raz\u00f5es, esta Dire\u00e7\u00e3o de Instituto s\u00f3 tem a agradecer aos nobres colegas servidores t\u00e9cnico-administrativos, docentes e empresas terceirizadas que d\u00e3o o suporte de seguran\u00e7a e higiene, em prol da forma\u00e7\u00e3o dos futuros colegas de profiss\u00e3o, cabedal humano este representado pelo nosso corpo discente, os quais vir\u00e3o a ser excelentes profissionais da medicina veterin\u00e1ria, t\u00e3o necess\u00e1rios para a contribui\u00e7\u00e3o de um mundo melhor.<\/span><\/p>\n<p style=\"text-align: justify;\"><span style=\"font-weight: 400;\">Sauda\u00e7\u00f5es, portanto, aos m\u00e9dicos veterin\u00e1rios do passado, pelo suporte que nos trouxe grandes li\u00e7\u00f5es; aos m\u00e9dicos veterin\u00e1rios do presente, pelo empenho em oferecer \u00e0 natureza e aos seres humanos o bem-estar necess\u00e1rio; e aos m\u00e9dicos veterin\u00e1rios do futuro, os quais ter\u00e3o por dever melhorar o que ainda est\u00e1 por vir.<\/span><\/p>\n<p>Le\u00f4nidas Oleg\u00e1rio de Carvalho<br \/>\nDiretor Geral do Instituto de Medicina Veterin\u00e1ria<br \/>\nCampus Universit\u00e1rio de Castanhal \/ UFPA<\/p>\n","protected":false},"excerpt":{"rendered":"<p>Prof. Dr. Le\u00f4nidas Oleg\u00e1rio &#8211; Diretor do Instituto de Medicina Veterin\u00e1ria (UFPA\/Castanhal) e Eva A Dire\u00e7\u00e3o-Geral do instituto de Medicina Veterin\u00e1ria (IMV) do Campus de Castanhal da Universidade Federal do Par\u00e1 (UFPA) sa\u00fada os profissionais da Medicina Veterin\u00e1ria pela data de 09 de setembro, que \u00e9 consagrado em comemorar o Dia do M\u00e9dico Veterin\u00e1rio. Desde [&hellip;]<\/p>\n","protected":false},"author":2,"featured_media":3519,"comment_status":"open","ping_status":"open","sticky":false,"template":"","format":"standard","meta":{"_exactmetrics_skip_tracking":false},"categories":[1],"tags":[],"_links":{"self":[{"href":"https:\/\/campuscastanhal.ufpa.br\/index.php?rest_route=\/wp\/v2\/posts\/3521"}],"collection":[{"href":"https:\/\/campuscastanhal.ufpa.br\/index.php?rest_route=\/wp\/v2\/posts"}],"about":[{"href":"https:\/\/campuscastanhal.ufpa.br\/index.php?rest_route=\/wp\/v2\/types\/post"}],"author":[{"embeddable":true,"href":"https:\/\/campuscastanhal.ufpa.br\/index.php?rest_route=\/wp\/v2\/users\/2"}],"replies":[{"embeddable":true,"href":"https:\/\/campuscastanhal.ufpa.br\/index.php?rest_route=%2Fwp%2Fv2%2Fcomments&post=3521"}],"version-history":[{"count":5,"href":"https:\/\/campuscastanhal.ufpa.br\/index.php?rest_route=\/wp\/v2\/posts\/3521\/revisions"}],"predecessor-version":[{"id":3529,"href":"https:\/\/campuscastanhal.ufpa.br\/index.php?rest_route=\/wp\/v2\/posts\/3521\/revisions\/3529"}],"wp:featuredmedia":[{"embeddable":true,"href":"https:\/\/campuscastanhal.ufpa.br\/index.php?rest_route=\/wp\/v2\/media\/3519"}],"wp:attachment":[{"href":"https:\/\/campuscastanhal.ufpa.br\/index.php?rest_route=%2Fwp%2Fv2%2Fmedia&parent=3521"}],"wp:term":[{"taxonomy":"category","embeddable":true,"href":"https:\/\/campuscastanhal.ufpa.br\/index.php?rest_route=%2Fwp%2Fv2%2Fcategories&post=3521"},{"taxonomy":"post_tag","embeddable":true,"href":"https:\/\/campuscastanhal.ufpa.br\/index.php?rest_route=%2Fwp%2Fv2%2Ftags&post=3521"}],"curies":[{"name":"wp","href":"https:\/\/api.w.org\/{rel}","templated":true}]}}