{"id":3568,"date":"2020-10-06T12:43:13","date_gmt":"2020-10-06T15:43:13","guid":{"rendered":"https:\/\/campuscastanhal.ufpa.br\/?p=3568"},"modified":"2020-10-06T12:57:33","modified_gmt":"2020-10-06T15:57:33","slug":"professora-da-faculdade-de-letras-da-ufpa-castanhal-apresenta-livro-de-sua-autoria-em-evento-on-line-do-instituto-cervantes-de-manchester","status":"publish","type":"post","link":"https:\/\/campuscastanhal.ufpa.br\/?p=3568","title":{"rendered":"Professora da Faculdade de Letras da UFPA\/Castanhal apresenta livro de sua autoria em evento on-line do Instituto Cervantes de Manchester"},"content":{"rendered":"<p><img decoding=\"async\" loading=\"lazy\" class=\"wp-image-3567 aligncenter\" src=\"https:\/\/campuscastanhal.ufpa.br\/wp-content\/uploads\/2020\/imagens\/livro.png\" alt=\"\" width=\"457\" height=\"249\" \/><\/p>\n<p style=\"text-align: justify;\"><span style=\"font-weight: 400;\">A professora Gracineia Ara\u00fajo, da Faculdade de Letras\/Espanhol da Universidade Federal do Par\u00e1, Campus de Castanhal, \u00e9 a convidada desta quarta (07\/10) do <a href=\"https:\/\/www.youtube.com\/c\/InstitutoCervantesManchester\" target=\"_blank\" rel=\"noopener\">Instituto Cervantes de Manchester<\/a>, na Inglaterra, para uma entrevista on-line onde apresentar\u00e1 a sua obra \u201cValentina busca el Norte\u201d.\u00a0<\/span><span style=\"font-weight: 400;\">O di\u00e1logo com Pedro Eusebio Cuesta, diretor do Instituto, ser\u00e1 transmitido<\/span><span style=\"font-weight: 400;\">\u00a0\u00e0s 14h (hor\u00e1rio de Bras\u00edlia). <\/span><\/p>\n<p style=\"text-align: justify;\"><span style=\"font-weight: 400;\">Na conversa, a professora Gracineia Ara\u00fajo vai falar sobre a sua motiva\u00e7\u00e3o para escrever a obra, que conta a hist\u00f3ria de uma estudante universit\u00e1ria que vive experi\u00eancias inesquec\u00edveis em viagens para locais fascinantes como Paris, Lisboa, Oxford, Salamanca e Marrakech.<\/span><\/p>\n<p style=\"text-align: justify;\"><span style=\"font-weight: 400;\">A autora de \u201cValentina busca el Norte\u201d revela um pouco do enredo, que traz uma personagem cativante e disposta a viver intensamente cada minuto durante suas viagens.<\/span><\/p>\n<p style=\"text-align: justify;\"><span style=\"font-weight: 400;\">\u201cA mem\u00f3ria da protagonista est\u00e1 repleta de lembran\u00e7as do mundo misterioso onde nasceu e cresceu e ela carrega uma mala cheia de sonhos, de saudades e preocupa\u00e7\u00f5es que lhe permitem descobrir e desfrutar de novas culturas, novos sabores, novas cores. Ela \u00e9 muito observadora e nos convida a acompanh\u00e1-la em suas aventuras. Valentina \u00e9 uma sonhadora e faz sonhar\u201d, conclui.<\/span><\/p>\n<p><span style=\"font-weight: 400;\">A obra \u00e9 em Espanhol e foi publicada em 2020 pela editora Babidibu, da Espanha. Um trecho dela pode ser lido <a href=\"https:\/\/www.babidibulibros.com\/libro\/valentina-busca-el-norte_104871\/\" target=\"_blank\" rel=\"noopener\">aqui<\/a><\/span><span style=\"font-weight: 400;\">.<\/span><\/p>\n<p><span style=\"font-weight: 400;\"><strong>Servi\u00e7o:<\/strong><br \/>\n<\/span><span style=\"font-weight: 400;\">Entrevista com a professora Gracineia Ara\u00fajo sobre seu livro \u201cValentina busca el Norte\u201d.<br \/>\n<\/span><span style=\"font-weight: 400;\">Data: 07\/10\/2020<br \/>\n<\/span><span style=\"font-weight: 400;\">Hor\u00e1rio: 14h<br \/>\n<\/span><span style=\"font-weight: 400;\">Canal do Instituto Cervantes de Manchester: <\/span><a href=\"https:\/\/www.youtube.com\/c\/InstitutoCervantesManchester\" target=\"_blank\" rel=\"noopener\"><span style=\"font-weight: 400;\">youtube.com\/c\/InstitutoCervantesManchester<\/span><\/a><\/p>\n<p>Texto: Paula Lopes &#8211; Ascom UFPA\/Castanhal<\/p>\n","protected":false},"excerpt":{"rendered":"<p>A professora Gracineia Ara\u00fajo, da Faculdade de Letras\/Espanhol da Universidade Federal do Par\u00e1, Campus de Castanhal, \u00e9 a convidada desta quarta (07\/10) do Instituto Cervantes de Manchester, na Inglaterra, para uma entrevista on-line onde apresentar\u00e1 a sua obra \u201cValentina busca el Norte\u201d.\u00a0O di\u00e1logo com Pedro Eusebio Cuesta, diretor do Instituto, ser\u00e1 transmitido\u00a0\u00e0s 14h (hor\u00e1rio de [&hellip;]<\/p>\n","protected":false},"author":2,"featured_media":3567,"comment_status":"open","ping_status":"open","sticky":false,"template":"","format":"standard","meta":{"_exactmetrics_skip_tracking":false},"categories":[1],"tags":[],"_links":{"self":[{"href":"https:\/\/campuscastanhal.ufpa.br\/index.php?rest_route=\/wp\/v2\/posts\/3568"}],"collection":[{"href":"https:\/\/campuscastanhal.ufpa.br\/index.php?rest_route=\/wp\/v2\/posts"}],"about":[{"href":"https:\/\/campuscastanhal.ufpa.br\/index.php?rest_route=\/wp\/v2\/types\/post"}],"author":[{"embeddable":true,"href":"https:\/\/campuscastanhal.ufpa.br\/index.php?rest_route=\/wp\/v2\/users\/2"}],"replies":[{"embeddable":true,"href":"https:\/\/campuscastanhal.ufpa.br\/index.php?rest_route=%2Fwp%2Fv2%2Fcomments&post=3568"}],"version-history":[{"count":5,"href":"https:\/\/campuscastanhal.ufpa.br\/index.php?rest_route=\/wp\/v2\/posts\/3568\/revisions"}],"predecessor-version":[{"id":3574,"href":"https:\/\/campuscastanhal.ufpa.br\/index.php?rest_route=\/wp\/v2\/posts\/3568\/revisions\/3574"}],"wp:featuredmedia":[{"embeddable":true,"href":"https:\/\/campuscastanhal.ufpa.br\/index.php?rest_route=\/wp\/v2\/media\/3567"}],"wp:attachment":[{"href":"https:\/\/campuscastanhal.ufpa.br\/index.php?rest_route=%2Fwp%2Fv2%2Fmedia&parent=3568"}],"wp:term":[{"taxonomy":"category","embeddable":true,"href":"https:\/\/campuscastanhal.ufpa.br\/index.php?rest_route=%2Fwp%2Fv2%2Fcategories&post=3568"},{"taxonomy":"post_tag","embeddable":true,"href":"https:\/\/campuscastanhal.ufpa.br\/index.php?rest_route=%2Fwp%2Fv2%2Ftags&post=3568"}],"curies":[{"name":"wp","href":"https:\/\/api.w.org\/{rel}","templated":true}]}}