{"id":3680,"date":"2020-12-02T11:38:00","date_gmt":"2020-12-02T14:38:00","guid":{"rendered":"https:\/\/campuscastanhal.ufpa.br\/?p=3680"},"modified":"2020-12-02T11:43:03","modified_gmt":"2020-12-02T14:43:03","slug":"divulgado-o-resultado-final-da-eleicao-para-representantes-docentes-nos-conselhos-superiores-da-ufpa","status":"publish","type":"post","link":"https:\/\/campuscastanhal.ufpa.br\/?p=3680","title":{"rendered":"Divulgado o resultado final da elei\u00e7\u00e3o para representantes docentes nos Conselhos Superiores da UFPA"},"content":{"rendered":"<p style=\"text-align: justify;\">Nesta ter\u00e7a, 1\u00ba de dezembro de 2020, aconteceu o processo eleitoral para escolha do representante docente do Campus de Castanhal e seu suplente no Conselho Superior (CONSUN) e no Conselho de Ensino, Pesquisa e Extens\u00e3o (CONSEPE) da UFPA para o bi\u00eanio 2020-2022. A vota\u00e7\u00e3o ocorreu por meio do\u00a0<a href=\"https:\/\/sigeleicao.ufpa.br\/sigeleicao\/\" target=\"_blank\" rel=\"noopener\">Sig-Elei\u00e7\u00e3o<\/a>\u00a0e todos os docentes efetivos e substitutos do Campus Castanhal puderam participar do pleito.<\/p>\n<p style=\"text-align: justify;\">De acordo com a comiss\u00e3o respons\u00e1vel por conduzir o processo eleitoral, apenas uma chapa se inscreveu para concorrer aos cargos previstos e como n\u00e3o houve interposi\u00e7\u00e3o de recursos no prazo previsto no Regimento, a\u00a0<a href=\"https:\/\/campuscastanhal.ufpa.br\/wp-content\/uploads\/2020\/arquivos\/Homologacao_Chapa_Avante.pdf\" target=\"_blank\" rel=\"noopener\">chapa \u201cAvante!\u201d<\/a>\u00a0foi aprovada para participar do pleito, sendo composta pelos professores\u00a0Ivana de Oliveira Gomes e Silva (Titular) e Marcelo Pereira de Almeida Ferreira (Suplente), os quais elaboraram uma carta de inten\u00e7\u00e3o que est\u00e1 dispon\u00edvel\u00a0<a href=\"https:\/\/campuscastanhal.ufpa.br\/wp-content\/uploads\/2020\/arquivos\/Carta_de_intencao.pdf\" target=\"_blank\" rel=\"noopener\">aqui<\/a>.<\/p>\n<p style=\"text-align: justify;\">Foram 46 votos computados (37,4% da categoria docente), sendo 45 VOTOS na chapa Avante e 01 voto NULO. Para conferir o relat\u00f3rio de vota\u00e7\u00e3o, clique <a href=\"http:\/\/campuscastanhal.ufpa.br\/wp-content\/uploads\/2020\/arquivos\/relatorio_final_votacao.pdf\" target=\"_blank\" rel=\"noopener\">aqui<\/a>.<\/p>\n<p style=\"text-align: justify;\">Texto: Paula Lopes &#8211; Ascom UFPA\/Castanhal<\/p>\n","protected":false},"excerpt":{"rendered":"<p>Nesta ter\u00e7a, 1\u00ba de dezembro de 2020, aconteceu o processo eleitoral para escolha do representante docente do Campus de Castanhal e seu suplente no Conselho Superior (CONSUN) e no Conselho de Ensino, Pesquisa e Extens\u00e3o (CONSEPE) da UFPA para o bi\u00eanio 2020-2022. A vota\u00e7\u00e3o ocorreu por meio do\u00a0Sig-Elei\u00e7\u00e3o\u00a0e todos os docentes efetivos e substitutos do [&hellip;]<\/p>\n","protected":false},"author":2,"featured_media":3598,"comment_status":"open","ping_status":"open","sticky":false,"template":"","format":"standard","meta":{"_exactmetrics_skip_tracking":false,"_exactmetrics_sitenote_active":false,"_exactmetrics_sitenote_note":"","_exactmetrics_sitenote_category":0},"categories":[1],"tags":[],"_links":{"self":[{"href":"https:\/\/campuscastanhal.ufpa.br\/index.php?rest_route=\/wp\/v2\/posts\/3680"}],"collection":[{"href":"https:\/\/campuscastanhal.ufpa.br\/index.php?rest_route=\/wp\/v2\/posts"}],"about":[{"href":"https:\/\/campuscastanhal.ufpa.br\/index.php?rest_route=\/wp\/v2\/types\/post"}],"author":[{"embeddable":true,"href":"https:\/\/campuscastanhal.ufpa.br\/index.php?rest_route=\/wp\/v2\/users\/2"}],"replies":[{"embeddable":true,"href":"https:\/\/campuscastanhal.ufpa.br\/index.php?rest_route=%2Fwp%2Fv2%2Fcomments&post=3680"}],"version-history":[{"count":1,"href":"https:\/\/campuscastanhal.ufpa.br\/index.php?rest_route=\/wp\/v2\/posts\/3680\/revisions"}],"predecessor-version":[{"id":3681,"href":"https:\/\/campuscastanhal.ufpa.br\/index.php?rest_route=\/wp\/v2\/posts\/3680\/revisions\/3681"}],"wp:featuredmedia":[{"embeddable":true,"href":"https:\/\/campuscastanhal.ufpa.br\/index.php?rest_route=\/wp\/v2\/media\/3598"}],"wp:attachment":[{"href":"https:\/\/campuscastanhal.ufpa.br\/index.php?rest_route=%2Fwp%2Fv2%2Fmedia&parent=3680"}],"wp:term":[{"taxonomy":"category","embeddable":true,"href":"https:\/\/campuscastanhal.ufpa.br\/index.php?rest_route=%2Fwp%2Fv2%2Fcategories&post=3680"},{"taxonomy":"post_tag","embeddable":true,"href":"https:\/\/campuscastanhal.ufpa.br\/index.php?rest_route=%2Fwp%2Fv2%2Ftags&post=3680"}],"curies":[{"name":"wp","href":"https:\/\/api.w.org\/{rel}","templated":true}]}}