{"id":3850,"date":"2021-03-24T11:04:54","date_gmt":"2021-03-24T14:04:54","guid":{"rendered":"https:\/\/campuscastanhal.ufpa.br\/?p=3850"},"modified":"2021-03-24T11:04:54","modified_gmt":"2021-03-24T14:04:54","slug":"inscricoes-abertas-para-mais-de-200-vagas-em-programas-de-pos-graduacao-da-ufpa","status":"publish","type":"post","link":"https:\/\/campuscastanhal.ufpa.br\/?p=3850","title":{"rendered":"Inscri\u00e7\u00f5es abertas para mais de 200 vagas em Programas de P\u00f3s-Gradua\u00e7\u00e3o da UFPA"},"content":{"rendered":"<p style=\"text-align: justify;\">A Universidade Federal do Par\u00e1 est\u00e1 com inscri\u00e7\u00f5es abertas para mais de 200 vagas em diversos Programas de P\u00f3s-Gradua\u00e7\u00e3o. As oportunidades s\u00e3o para os campi de Bel\u00e9m, Abaetetuba e Camet\u00e1, nas \u00e1reas de Ci\u00eancias Biol\u00f3gicas, Sociais Aplicadas, Humanas, da Natureza, da Educa\u00e7\u00e3o e da Sa\u00fade. Mais informa\u00e7\u00f5es sobre as sele\u00e7\u00f5es abertas podem ser consultadas nos editais dispon\u00edveis no\u00a0<a href=\"https:\/\/sigaa.ufpa.br\/sigaa\/public\/processo_seletivo\/lista.jsf?nivel=S&amp;aba=p-stricto\" target=\"_blank\" rel=\"noopener noreferrer\">SIGAA<\/a>\u00a0e no\u00a0<a href=\"http:\/\/cursoseventos.fadesp.org.br\/gui\/PortalCursosEventos.aspx\" target=\"_blank\" rel=\"noopener noreferrer\">Portal de Cursos e Eventos<\/a>\u00a0da Fadesp.<\/p>\n<p style=\"text-align: justify;\">As 90 (noventa) vagas de especializa\u00e7\u00e3o s\u00e3o para os cursos de Pr\u00e1ticas Pedag\u00f3gicas na Educa\u00e7\u00e3o do Campo e de Gest\u00e3o e Planejamento da Educa\u00e7\u00e3o, ambos no Campus Camet\u00e1. O prazo para realizar as inscri\u00e7\u00f5es nas duas sele\u00e7\u00f5es encerra no dia 31 de mar\u00e7o, e os editais para saber mais sobre o processo seletivo e sobre as instru\u00e7\u00f5es para inscri\u00e7\u00e3o podem ser consultados na aba\u00a0<i>Lato Sensu<\/i>\u00a0do\u00a0<a href=\"https:\/\/sigaa.ufpa.br\/sigaa\/public\/processo_seletivo\/lista.jsf?nivel=L&amp;aba=p-lato\" target=\"_blank\" rel=\"noopener noreferrer\">SIGAA<\/a>.<\/p>\n<p style=\"text-align: justify;\"><b>Vagas para mestrado &#8211;\u00a0<\/b>J\u00e1 no m\u00eas de abril, encerram-se os prazos para se inscrever nos mestrados em\u00a0<a href=\"http:\/\/cursos.fadesp.org.br\/arquivos\/Processo_de_Sele%C3%A7%C3%A3o_Edital_n%C2%BA_003_2021_1_Retificado_PPGCITI_Mestrado_UFPa.pdf\" target=\"_blank\" rel=\"noopener noreferrer\">Cidades, Territ\u00f3rios e Identidades<\/a>\u00a0do Campus Abaetetuba (PPGCTI), no dia 5, com 33 (trinta e tr\u00eas) vagas;\u00a0<a href=\"https:\/\/sigaa.ufpa.br\/sigaa\/verProducao?idProducao=695119&amp;key=cbe4823bbb1d555e70ea6b39c3e29b83\" target=\"_blank\" rel=\"noopener noreferrer\">Ci\u00eancias Ambientais<\/a>\u00a0(PPGCA), no dia 6, com 15 (quinze) vagas abertas; e\u00a0<a href=\"https:\/\/sigaa.ufpa.br\/sigaa\/verProducao?idProducao=687480&amp;key=edb9df01b6623c9a78d7d24f2c0b5463\" target=\"_blank\" rel=\"noopener noreferrer\">Ci\u00eancias Farmac\u00eauticas<\/a>\u00a0(PPGCF), no dia 12, com 18 (dezoito) vagas disponibilizadas.<\/p>\n<p style=\"text-align: justify;\"><b>Vagas para doutorado &#8211;\u00a0<\/b>Para quem deseja ingressar em um curso de doutorado, as sele\u00e7\u00f5es abertas s\u00e3o para os seguintes Programas de P\u00f3s-Gradua\u00e7\u00e3o:\u00a0<a href=\"https:\/\/sigaa.ufpa.br\/sigaa\/verProducao?idProducao=695119&amp;key=cbe4823bbb1d555e70ea6b39c3e29b83\" target=\"_blank\" rel=\"noopener noreferrer\">Ci\u00eancias Ambientais<\/a>\u00a0(PPGCA), com 10 (dez) vagas e inscri\u00e7\u00f5es que podem ser realizadas at\u00e9 o dia 6 de abril; e\u00a0<a href=\"https:\/\/sigaa.ufpa.br\/sigaa\/verProducao?idProducao=683781&amp;key=eb5f0e7121efa7b5d896717b2254a0ef\" target=\"_blank\" rel=\"noopener noreferrer\">Ecologia<\/a>\u00a0(PPGECO), com 5 (cinco) vagas e inscri\u00e7\u00f5es abertas at\u00e9 o dia 30 de julho.<\/p>\n<p style=\"text-align: justify;\">Por fim, o processo seletivo do Programa de P\u00f3s-Gradua\u00e7\u00e3o em Teoria e Pesquisa do Comportamento (PPGTPC) oferece 50 (cinquenta) vagas para sua turma de doutorado e as inscri\u00e7\u00f5es seguem at\u00e9 o dia 30 de julho. O edital desta sele\u00e7\u00e3o pode ser conferido\u00a0<a href=\"https:\/\/sigaa.ufpa.br\/sigaa\/verProducao?idProducao=671414&amp;key=f13d1a5402747930c7d4a7434238d487\" target=\"_blank\" rel=\"noopener noreferrer\">aqui<\/a>.<\/p>\n<p style=\"text-align: justify;\">Para acessar os editais de cada um dos Programas de P\u00f3s-Gradua\u00e7\u00e3o citados nesta mat\u00e9ria e obter informa\u00e7\u00f5es mais detalhadas sobre as respectivas sele\u00e7\u00f5es, basta acessar os editais dos respectivos processos seletivos\u00a0<a href=\"https:\/\/sigaa.ufpa.br\/sigaa\/public\/processo_seletivo\/lista.jsf?nivel=S&amp;aba=p-stricto\" target=\"_blank\" rel=\"noopener noreferrer\"><i>stricto sensu<\/i><\/a>\u00a0e\u00a0<a href=\"https:\/\/sigaa.ufpa.br\/sigaa\/public\/processo_seletivo\/lista.jsf?nivel=L&amp;aba=p-lato\" target=\"_blank\" rel=\"noopener noreferrer\"><i>lato sensu<\/i><\/a>\u00a0disponibilizados no SIGAA UFPA e no\u00a0<a href=\"http:\/\/cursoseventos.fadesp.org.br\/gui\/PortalCursosEventos.aspx\" target=\"_blank\" rel=\"noopener noreferrer\">Portal de Cursos e Eventos<\/a>\u00a0da Fadesp.<\/p>\n<p style=\"text-align: justify;\">Texto: Adams Merc\u00eas &#8211; Assessoria de Comunica\u00e7\u00e3o da UFPA<br \/>\nArte: Mkt Ascom<\/p>\n","protected":false},"excerpt":{"rendered":"<p>A Universidade Federal do Par\u00e1 est\u00e1 com inscri\u00e7\u00f5es abertas para mais de 200 vagas em diversos Programas de P\u00f3s-Gradua\u00e7\u00e3o. As oportunidades s\u00e3o para os campi de Bel\u00e9m, Abaetetuba e Camet\u00e1, nas \u00e1reas de Ci\u00eancias Biol\u00f3gicas, Sociais Aplicadas, Humanas, da Natureza, da Educa\u00e7\u00e3o e da Sa\u00fade. Mais informa\u00e7\u00f5es sobre as sele\u00e7\u00f5es abertas podem ser consultadas nos [&hellip;]<\/p>\n","protected":false},"author":2,"featured_media":3471,"comment_status":"open","ping_status":"open","sticky":false,"template":"","format":"standard","meta":{"_exactmetrics_skip_tracking":false,"_exactmetrics_sitenote_active":false,"_exactmetrics_sitenote_note":"","_exactmetrics_sitenote_category":0},"categories":[1],"tags":[],"_links":{"self":[{"href":"https:\/\/campuscastanhal.ufpa.br\/index.php?rest_route=\/wp\/v2\/posts\/3850"}],"collection":[{"href":"https:\/\/campuscastanhal.ufpa.br\/index.php?rest_route=\/wp\/v2\/posts"}],"about":[{"href":"https:\/\/campuscastanhal.ufpa.br\/index.php?rest_route=\/wp\/v2\/types\/post"}],"author":[{"embeddable":true,"href":"https:\/\/campuscastanhal.ufpa.br\/index.php?rest_route=\/wp\/v2\/users\/2"}],"replies":[{"embeddable":true,"href":"https:\/\/campuscastanhal.ufpa.br\/index.php?rest_route=%2Fwp%2Fv2%2Fcomments&post=3850"}],"version-history":[{"count":1,"href":"https:\/\/campuscastanhal.ufpa.br\/index.php?rest_route=\/wp\/v2\/posts\/3850\/revisions"}],"predecessor-version":[{"id":3851,"href":"https:\/\/campuscastanhal.ufpa.br\/index.php?rest_route=\/wp\/v2\/posts\/3850\/revisions\/3851"}],"wp:featuredmedia":[{"embeddable":true,"href":"https:\/\/campuscastanhal.ufpa.br\/index.php?rest_route=\/wp\/v2\/media\/3471"}],"wp:attachment":[{"href":"https:\/\/campuscastanhal.ufpa.br\/index.php?rest_route=%2Fwp%2Fv2%2Fmedia&parent=3850"}],"wp:term":[{"taxonomy":"category","embeddable":true,"href":"https:\/\/campuscastanhal.ufpa.br\/index.php?rest_route=%2Fwp%2Fv2%2Fcategories&post=3850"},{"taxonomy":"post_tag","embeddable":true,"href":"https:\/\/campuscastanhal.ufpa.br\/index.php?rest_route=%2Fwp%2Fv2%2Ftags&post=3850"}],"curies":[{"name":"wp","href":"https:\/\/api.w.org\/{rel}","templated":true}]}}