{"id":3854,"date":"2021-04-14T10:22:27","date_gmt":"2021-04-14T13:22:27","guid":{"rendered":"https:\/\/campuscastanhal.ufpa.br\/?p=3854"},"modified":"2021-04-14T10:22:27","modified_gmt":"2021-04-14T13:22:27","slug":"ufpa-divulga-resultado-do-vestibular-com-7-018-aprovados","status":"publish","type":"post","link":"https:\/\/campuscastanhal.ufpa.br\/?p=3854","title":{"rendered":"UFPA divulga resultado do vestibular, com 7.018 aprovados"},"content":{"rendered":"<p><img decoding=\"async\" loading=\"lazy\" class=\" wp-image-3749 aligncenter\" src=\"https:\/\/campuscastanhal.ufpa.br\/wp-content\/uploads\/2021\/imagens\/PS.png\" alt=\"\" width=\"433\" height=\"236\" \/><\/p>\n<p style=\"text-align: justify;\">A Universidade Federal do Par\u00e1 (UFPA) divulgou nesta quarta-feira, 14 de abril, o list\u00e3o dos(as) 7.018 candidatos(as) classificados(as) no Processo Seletivo 2021 (PS 2021). Foram preenchidas mais de 95% das 7.355 vagas disponibilizadas em 196 ofertas de cursos,\u00a0distribu\u00eddas em 19 munic\u00edpios paraenses. Realizado no contexto da pandemia do novo coronav\u00edrus, o vestibular contou com 79.883\u00a0estudantes inscritos e homologados, o equivalente a 85% do total de candidatos(as) concorrentes no ano anterior.<\/p>\n<p style=\"text-align: justify;\">Ao todo, 32.430 candidatos(as) n\u00e3o foram classificados(as) e outros(as) 40.435 foram eliminados(as) por falta ou insufici\u00eancia de pontos em uma das provas do Exame Nacional do Ensino M\u00e9dio (Enem). Dos(as) 7.018 classificados(as), 5.346 (76%) se inscreveram para concorrer a vagas pelo sistema de cotas e 1.672 (24%) concorreram apenas a vagas de ampla concorr\u00eancia.<\/p>\n<p style=\"text-align: justify;\">Os(As) candidatos(as) residentes no estado do Par\u00e1 ocuparam 98% das vagas (6.881). As demais 137 vagas foram preenchidas por candidatos(as) oriundos(as) de outros 21 estados brasileiros, com destaque para o Amap\u00e1 (35 candidatos\/as), Tocantins (31) e Rond\u00f4nia (22). 76.547 inscritos(as) ainda receberam b\u00f4nus de 10% em sua nota no Enem por terem cursado o Ensino M\u00e9dio integralmente em um dos estados da regi\u00e3o Norte.<\/p>\n<p style=\"text-align: justify;\">Ao todo, 337 vagas n\u00e3o foram preenchidas, sendo 90 delas destinadas a Pessoas com Defici\u00eancia.<\/p>\n<p style=\"text-align: justify;\"><strong>Primeiros colocados\u00a0<\/strong>\u2013 Dos(as) dez primeiros(as) colocados(as) gerais em 2021, nove s\u00e3o calouros(as) do curso de Medicina de Bel\u00e9m e um do curso de Economia, tamb\u00e9m da capital. Confira os nomes dos(as) dez primeiros(as) colocados(as).<\/p>\n<p>1<sup>o<\/sup>\u00a0&#8211; VICTOR HUGO DA COSTA BARTOCCI &#8211; Medicina<\/p>\n<p>2<sup>o<\/sup>\u00a0&#8211; EDUARDO CUNHA LOBATO &#8211; Medicina<\/p>\n<p>3<sup>a<\/sup>\u00a0&#8211; MARIA VICTORIA SOUZA DA SILVA CONDE &#8211; Medicina<\/p>\n<p>4<sup>o<\/sup>\u00a0&#8211; LEONARDO MACHADO SAMPAIO &#8211; Medicina<\/p>\n<p>5<sup>a\u00a0<\/sup>&#8211; HELLEN JOST EVALDT &#8211; Medicina<\/p>\n<p>6<sup>a<\/sup>\u00a0&#8211; PAULA LARISSA BAIA LIMA &#8211; Medicina<\/p>\n<p>7<sup>o<\/sup>\u00a0&#8211; SAVIO ROBERTO SILVA COSTA &#8211; Medicina<\/p>\n<p>8<sup>o<\/sup>\u00a0&#8211; VIVIAN DE LIMA BRABO &#8211; Medicina<\/p>\n<p>9<sup>o<\/sup>\u00a0&#8211; ANTONIO LUIZ DE DEUS FILHO &#8211; Medicina<\/p>\n<p style=\"text-align: justify;\">10<sup>o<\/sup>\u00a0&#8211; PEDRO ARTHUR PEREIRA ALBUQUERQUE \u2013 Economia<\/p>\n<p style=\"text-align: justify;\">A candidata Sofia Lorenzoni Vale, do curso de Medicina, tirou nota 1000 (mil) na reda\u00e7\u00e3o. Nesta prova, a m\u00e9dia geral dos(as) candidatos(as) classificados(as) no PS 2021 foi 754.81.<\/p>\n<p style=\"text-align: justify;\"><strong>List\u00e3o virtual &#8211;\u00a0<\/strong>Devido \u00e0 pandemia, pela primeira vez, n\u00e3o houve nenhuma divulga\u00e7\u00e3o presencial do list\u00e3o. O resultado n\u00e3o foi afixado nos murais dos\u00a0<em>campi<\/em>, tampouco foi realizada a coletiva de imprensa de an\u00fancio do list\u00e3o. Minutos antes da libera\u00e7\u00e3o do list\u00e3o, \u00e0s 9h, foi divulgada uma mensagem do reitor da UFPA, no portal e nas redes sociais da institui\u00e7\u00e3o. Em seguida, o list\u00e3o foi publicado para acesso exclusivamente virtual no endere\u00e7o\u00a0<a href=\"https:\/\/listao.ufpa.br\/\" target=\"_blank\" rel=\"noopener noreferrer\">listao.ufpa.br<\/a>.<\/p>\n<p style=\"text-align: justify;\">Como explicado pelo reitor em sua\u00a0<a href=\"https:\/\/youtu.be\/6Dl9rNWOUTI\" target=\"_blank\" rel=\"noopener noreferrer\">mensagem<\/a>, a decis\u00e3o por esse formato virtual de divulga\u00e7\u00e3o considera o preocupante cen\u00e1rio pand\u00eamico vivido no estado e no Brasil. Neste momento, est\u00e1 vigente o\u00a0<a href=\"https:\/\/portal.ufpa.br\/index.php\/ultimas-noticias2\/12519-ufpa-mantem-bandeira-vermelha-vigente-em-todos-os-campi\" target=\"_blank\" rel=\"noopener noreferrer\">bandeiramento vermelho<\/a>\u00a0(correspondente \u00e0 condi\u00e7\u00e3o de\u00a0<em>lockdown<\/em>) em todos os\u00a0<em>campi\u00a0<\/em>da UFPA, considerando a grave situa\u00e7\u00e3o sanit\u00e1ria no Par\u00e1. As atividades na institui\u00e7\u00e3o est\u00e3o sendo desenvolvidas principalmente de maneira remota, \u00e0 exce\u00e7\u00e3o de servi\u00e7os essenciais. Por isso, a Universidade recomendou que os(as) vestibulandos(as) n\u00e3o comparecessem aos\u00a0<em>campi<\/em>\u00a0e evitassem a circula\u00e7\u00e3o e\/ou aglomera\u00e7\u00e3o nas suas cidades.<\/p>\n<p style=\"text-align: justify;\"><strong>Per\u00edodo de ingresso\u00a0<\/strong>\u2013 Os(As) calouros(as) j\u00e1 podem conferir as informa\u00e7\u00f5es sobre o per\u00edodo letivo (PL) de in\u00edcio das atividades acad\u00eamicas de seus cursos. Algumas turmas j\u00e1 ingressar\u00e3o no PL2 (com in\u00edcio em 24 de junho) e outras no PL3 (com in\u00edcio em 14 de outubro). Confira o calend\u00e1rio no\u00a0<a href=\"http:\/\/www.proeg.ufpa.br\/view\/inicio\/\" target=\"_blank\" rel=\"noopener noreferrer\">site da Pr\u00f3-Reitoria de Ensino de Gradua\u00e7\u00e3o da UFPA (Proeg)<\/a>.<\/p>\n<p>Texto e arte: Assessoria de Comunica\u00e7\u00e3o Institucional da UFPA<\/p>\n","protected":false},"excerpt":{"rendered":"<p>A Universidade Federal do Par\u00e1 (UFPA) divulgou nesta quarta-feira, 14 de abril, o list\u00e3o dos(as) 7.018 candidatos(as) classificados(as) no Processo Seletivo 2021 (PS 2021). Foram preenchidas mais de 95% das 7.355 vagas disponibilizadas em 196 ofertas de cursos,\u00a0distribu\u00eddas em 19 munic\u00edpios paraenses. Realizado no contexto da pandemia do novo coronav\u00edrus, o vestibular contou com 79.883\u00a0estudantes [&hellip;]<\/p>\n","protected":false},"author":2,"featured_media":3749,"comment_status":"open","ping_status":"open","sticky":false,"template":"","format":"standard","meta":{"_exactmetrics_skip_tracking":false,"_exactmetrics_sitenote_active":false,"_exactmetrics_sitenote_note":"","_exactmetrics_sitenote_category":0},"categories":[1],"tags":[],"_links":{"self":[{"href":"https:\/\/campuscastanhal.ufpa.br\/index.php?rest_route=\/wp\/v2\/posts\/3854"}],"collection":[{"href":"https:\/\/campuscastanhal.ufpa.br\/index.php?rest_route=\/wp\/v2\/posts"}],"about":[{"href":"https:\/\/campuscastanhal.ufpa.br\/index.php?rest_route=\/wp\/v2\/types\/post"}],"author":[{"embeddable":true,"href":"https:\/\/campuscastanhal.ufpa.br\/index.php?rest_route=\/wp\/v2\/users\/2"}],"replies":[{"embeddable":true,"href":"https:\/\/campuscastanhal.ufpa.br\/index.php?rest_route=%2Fwp%2Fv2%2Fcomments&post=3854"}],"version-history":[{"count":1,"href":"https:\/\/campuscastanhal.ufpa.br\/index.php?rest_route=\/wp\/v2\/posts\/3854\/revisions"}],"predecessor-version":[{"id":3855,"href":"https:\/\/campuscastanhal.ufpa.br\/index.php?rest_route=\/wp\/v2\/posts\/3854\/revisions\/3855"}],"wp:featuredmedia":[{"embeddable":true,"href":"https:\/\/campuscastanhal.ufpa.br\/index.php?rest_route=\/wp\/v2\/media\/3749"}],"wp:attachment":[{"href":"https:\/\/campuscastanhal.ufpa.br\/index.php?rest_route=%2Fwp%2Fv2%2Fmedia&parent=3854"}],"wp:term":[{"taxonomy":"category","embeddable":true,"href":"https:\/\/campuscastanhal.ufpa.br\/index.php?rest_route=%2Fwp%2Fv2%2Fcategories&post=3854"},{"taxonomy":"post_tag","embeddable":true,"href":"https:\/\/campuscastanhal.ufpa.br\/index.php?rest_route=%2Fwp%2Fv2%2Ftags&post=3854"}],"curies":[{"name":"wp","href":"https:\/\/api.w.org\/{rel}","templated":true}]}}