{"id":3898,"date":"2021-05-23T15:46:40","date_gmt":"2021-05-23T18:46:40","guid":{"rendered":"https:\/\/campuscastanhal.ufpa.br\/?p=3898"},"modified":"2021-05-25T15:01:48","modified_gmt":"2021-05-25T18:01:48","slug":"inscricoes-abertas-para-a-i-jornada-de-formacao-para-professores-de-espanhol-da-amazonia-paraense","status":"publish","type":"post","link":"https:\/\/campuscastanhal.ufpa.br\/?p=3898","title":{"rendered":"Inscri\u00e7\u00f5es abertas para a I Jornada de Forma\u00e7\u00e3o para Professores de Espanhol da Amaz\u00f4nia Paraense"},"content":{"rendered":"<p style=\"text-align: justify;\"><img decoding=\"async\" loading=\"lazy\" class=\"wp-image-3896 aligncenter\" src=\"https:\/\/campuscastanhal.ufpa.br\/wp-content\/uploads\/2021\/imagens\/Jornada_Espanhol.jpeg\" alt=\"\" width=\"772\" height=\"434\" \/><br \/>\nO projeto \u201cP\u00e9 na estrada\u201d: l\u00edngua e cultura hispan\u00f3fonas para fins espec\u00edficos (L&amp;CUHFE), coordenado pelas professoras Gracineia Ara\u00fajo e Iris Barbosa, da Faculdade de Letras UFPA\/Castanhal, em parceria com a APAPLE (Associa\u00e7\u00e3o Paraense de Alunos e Professores de L\u00edngua Espanhola), realizam, entre os dias 26 a 28 de maio e 03 a 04 de junho o evento intitulado \u201cI Jornada de Formaci\u00f3n para Profesores de Espa\u00f1ol de la Amazon\u00eda paraense: la ense\u00f1anza y el aprendizaje em tiempos de pandemia\u201d.<\/p>\n<p style=\"text-align: justify;\">As professoras Gracineia Ara\u00fajo e Iris Barbosa falam sobre o objetivo principal do evento. \u201cPretendemos contribuir com a forma\u00e7\u00e3o continuada de professores de Espanhol, visando o fortalecimento da referida \u00e1rea no contexto da Amaz\u00f4nia Paraense, principalmente em tempos de pandemia, por isso, convidamos os docentes do Estado do Par\u00e1 a participarem da programa\u00e7\u00e3o, n\u00e3o somente os que j\u00e1 atuam no Ensino Fundamental e M\u00e9dio, mas tamb\u00e9m os egressos do curso de Letras\/Espanhol e alunos do curso de Letras \u2013 L\u00edngua Espanhola da UFPA\u201d.<\/p>\n<p style=\"text-align: justify;\">A programa\u00e7\u00e3o ser\u00e1 realizada por meio da Plataforma Google Meet e vai contar com a participa\u00e7\u00e3o dos professores convidados do Brasil e do Chile, que far\u00e3o a exposi\u00e7\u00e3o dos seguintes temas:<\/p>\n<p style=\"text-align: justify;\"><strong>&#8211; 26\/05<\/strong> \u2013 Confer\u00eancia de Abertura: \u201cLa formaci\u00f3n continuada del docente de ELE: un desaf\u00edo permanente\u201d, com a Profa. Dra. Jorgelina Taelle (UNILA Brasil)<br \/>\n<strong>&#8211; 27\/05<\/strong> \u2013 Oficina: \u201cEl lugar de la literatura infantil y juvenil\u201d, com a Profa. Dra. Carola Vesely (USACH Chile)<br \/>\n<strong>&#8211; 28\/05<\/strong> \u2013 Oficina: \u201cDerechos humanos, afectos e intertextos: cruces entre did\u00e1ctica de la literatura y biograf\u00eda\u201d, com o Prof. Dr. D\u00e1maso Rabanal (USACH Chile)<br \/>\n<strong>&#8211; 04\/06<\/strong> \u2013 Oficina: \u201cM\u00e1s all\u00e1 del traductor autom\u00e1tico: el diccionario como herramienta did\u00e1ctica en la clase de lengua\u201d, com a Profa. Dra. Rejane Bueno (UNILA Brasil)<br \/>\n<strong>&#8211; 05\/06<\/strong> \u2013 Oficina: \u201cPropuestas did\u00e1cticas para el uso del c\u00f3mic como herramienta de ense\u00f1anza del Espa\u00f1ol\u201d, com o Prof. Ms. Hugo Hinojosa (PUC Brasil)<\/p>\n<p style=\"text-align: justify;\">As inscri\u00e7\u00f5es v\u00e3o at\u00e9 20 de maio. Os interessados na programa\u00e7\u00e3o devem enviar nome e sobrenome: jornadas.espanol@gmail.com. Os inscritos receber\u00e3o o link do evento por e-mail. Ser\u00e1 emitido certificado de 15 horas para aqueles que participarem, no m\u00ednimo, de 75% da programa\u00e7\u00e3o.<\/p>\n<p style=\"text-align: justify;\">Texto: Paula Lopes \u2013 Ascom UFPA\/Castanhal<br \/>\nImagem: Divulga\u00e7\u00e3o do evento<\/p>\n","protected":false},"excerpt":{"rendered":"<p>O projeto \u201cP\u00e9 na estrada\u201d: l\u00edngua e cultura hispan\u00f3fonas para fins espec\u00edficos (L&amp;CUHFE), coordenado pelas professoras Gracineia Ara\u00fajo e Iris Barbosa, da Faculdade de Letras UFPA\/Castanhal, em parceria com a APAPLE (Associa\u00e7\u00e3o Paraense de Alunos e Professores de L\u00edngua Espanhola), realizam, entre os dias 26 a 28 de maio e 03 a 04 de junho &hellip; <a href=\"https:\/\/campuscastanhal.ufpa.br\/?p=3898\">Continue reading <span class=\"meta-nav\">&rarr;<\/span><\/a><\/p>\n","protected":false},"author":2,"featured_media":3897,"comment_status":"open","ping_status":"open","sticky":false,"template":"","format":"standard","meta":{"_exactmetrics_skip_tracking":false,"_exactmetrics_sitenote_active":false,"_exactmetrics_sitenote_note":"","_exactmetrics_sitenote_category":0},"categories":[1],"tags":[],"_links":{"self":[{"href":"https:\/\/campuscastanhal.ufpa.br\/index.php?rest_route=\/wp\/v2\/posts\/3898"}],"collection":[{"href":"https:\/\/campuscastanhal.ufpa.br\/index.php?rest_route=\/wp\/v2\/posts"}],"about":[{"href":"https:\/\/campuscastanhal.ufpa.br\/index.php?rest_route=\/wp\/v2\/types\/post"}],"author":[{"embeddable":true,"href":"https:\/\/campuscastanhal.ufpa.br\/index.php?rest_route=\/wp\/v2\/users\/2"}],"replies":[{"embeddable":true,"href":"https:\/\/campuscastanhal.ufpa.br\/index.php?rest_route=%2Fwp%2Fv2%2Fcomments&post=3898"}],"version-history":[{"count":2,"href":"https:\/\/campuscastanhal.ufpa.br\/index.php?rest_route=\/wp\/v2\/posts\/3898\/revisions"}],"predecessor-version":[{"id":3901,"href":"https:\/\/campuscastanhal.ufpa.br\/index.php?rest_route=\/wp\/v2\/posts\/3898\/revisions\/3901"}],"wp:featuredmedia":[{"embeddable":true,"href":"https:\/\/campuscastanhal.ufpa.br\/index.php?rest_route=\/wp\/v2\/media\/3897"}],"wp:attachment":[{"href":"https:\/\/campuscastanhal.ufpa.br\/index.php?rest_route=%2Fwp%2Fv2%2Fmedia&parent=3898"}],"wp:term":[{"taxonomy":"category","embeddable":true,"href":"https:\/\/campuscastanhal.ufpa.br\/index.php?rest_route=%2Fwp%2Fv2%2Fcategories&post=3898"},{"taxonomy":"post_tag","embeddable":true,"href":"https:\/\/campuscastanhal.ufpa.br\/index.php?rest_route=%2Fwp%2Fv2%2Ftags&post=3898"}],"curies":[{"name":"wp","href":"https:\/\/api.w.org\/{rel}","templated":true}]}}