{"id":3941,"date":"2021-05-28T14:49:20","date_gmt":"2021-05-28T17:49:20","guid":{"rendered":"https:\/\/campuscastanhal.ufpa.br\/?p=3941"},"modified":"2021-06-04T11:12:50","modified_gmt":"2021-06-04T14:12:50","slug":"lancado-o-edital-do-processo-seletivo-2021-2-da-ufpa","status":"publish","type":"post","link":"https:\/\/campuscastanhal.ufpa.br\/?p=3941","title":{"rendered":"Lan\u00e7ado o edital do Processo Seletivo 2021-2 da UFPA"},"content":{"rendered":"<p><img decoding=\"async\" loading=\"lazy\" class=\"wp-image-3940 aligncenter\" src=\"https:\/\/campuscastanhal.ufpa.br\/wp-content\/uploads\/2021\/imagens\/PS2021_2.jpg\" alt=\"\" width=\"446\" height=\"243\" \/><\/p>\n<p style=\"text-align: justify;\">O Centro de Processos Seletivos (CEPS) da Universidade Federal do Par\u00e1 (UFPA) publicou o\u00a0<a href=\"http:\/\/ceps.ufpa.br\/images\/conteudo\/Vestibular\/PS%202021-2\/editais%20avisos\/Edital%20PS%20UFPA%202021-2%20Preenchimento%20de%20Vagas%20remanescentes%20-%20versao-final-coperps.pdf\" target=\"_blank\" rel=\"noopener noreferrer\">edital do Processo Seletivo 2021-2 (PS 2021-2)<\/a>. O novo vestibular selecionar\u00e1 estudantes por meio da nota do Exame Nacional do Ensino M\u00e9dio (Enem) de 2020 para vagas remanescentes do PS 2021.\u00a0<a href=\"https:\/\/www3.ceps.ufpa.br\/ps2021_2\/public\/index.php\" target=\"_blank\" rel=\"noopener noreferrer\">As inscri\u00e7\u00f5es s\u00e3o online<\/a>\u00a0e podem ser feitas a partir de hoje, 24 de maio, at\u00e9 as 17h do dia\u00a02\u00a0de junho de 2021. N\u00e3o haver\u00e1 cobran\u00e7a de taxa de inscri\u00e7\u00e3o.<\/p>\n<p style=\"text-align: justify;\">Para se candidatar, basta que a pessoa tenha realizado o Enem 2020 e obtido notas n\u00e3o inferiores a 400 (quatrocentos) na reda\u00e7\u00e3o e a 300 (trezentos) em uma ou mais \u00e1reas do exame.<\/p>\n<p style=\"text-align: justify;\">Ao todo, s\u00e3o 536 vagas ofertadas, sendo 204 de ampla concorr\u00eancia, 217 do\u00a0Sistema\u00a0de\u00a0Cotas\u00a0e 115 vagas adicionais para pessoas com defici\u00eancia (PcD). H\u00e1 ofertas nos\u00a0<i>campi\u00a0<\/i>de Bel\u00e9m (144), Abaetetuba (102), Altamira (99), Salin\u00f3polis (55), Ananindeua (44), Bragan\u00e7a (35), Tucuru\u00ed (32), Camet\u00e1 (8), Breves (2) e Soure (1). Os cursos ofertados s\u00e3o principalmente licenciaturas. O prazo de inscri\u00e7\u00e3o ser\u00e1 mais curto para possibilitar o ingresso de candidatos em turmas cujas aulas iniciar\u00e3o em junho.<\/p>\n<p style=\"text-align: justify;\"><b>Regras \u2013<\/b>\u00a0\u00c9 importante que os(as) estudantes interessados(as) em se candidatar leiam,\u00a0com aten\u00e7\u00e3o,\u00a0o edital do PS 2021-2, que observar\u00e1 normas semelhantes \u00e0s do PS 2021, exceto por alguns procedimentos que passar\u00e3o a ocorrer apenas de modo remoto, considerando as limita\u00e7\u00f5es impostas pela pandemia. O preenchimento das vagas utiliza como base os resultados obtidos pelos(as) candidatos(as) nas provas do Enem 2020. Os(As) estudantes que cursaram todo o\u00a0ensino m\u00e9dio\u00a0em escolas localizadas em um dos estados da Regi\u00e3o Norte recebem b\u00f4nus de 10% sobre o valor da nota obtida no Enem.<\/p>\n<p style=\"text-align: justify;\">Pelo menos metade das vagas da\u00a0Institui\u00e7\u00e3o\u00a0\u00e9 reservada para os(as) egressos(as) da rede p\u00fablica de ensino, incluindo cotas para pessoas com defici\u00eancia, baixa renda e negros\/as (pretos\/as e pardos\/as) e ind\u00edgenas. Em quadros do edital, os(as) candidatos(as) devem conferir com detalhes os grupos de inscri\u00e7\u00e3o e os grupos de vagas aos quais concorrer\u00e3o\u00a0de acordo com o seu\u00a0perfil. Assim, ser\u00e1 poss\u00edvel perceber, de maneira clara, que um(a) mesmo(a) candidato(a) concorre, em muitas ocasi\u00f5es, a vagas que pertencem a mais de um grupo de cota.<\/p>\n<p style=\"text-align: justify;\">Quem deseja concorrer a vagas pelo\u00a0Sistema de Cotas\u00a0reservadas a pessoas que se inscrevem e\u00a0autodeclaram-se\u00a0pretos(as) ou pardos(as), se aprovado(a), dever\u00e1 se apresentar a uma Comiss\u00e3o de Heteroidentifica\u00e7\u00e3o, que ir\u00e1 analisar se o fen\u00f3tipo de cada candidato(a) confirma a autodeclara\u00e7\u00e3o.<\/p>\n<p style=\"text-align: justify;\">O\u00a0(A)\u00a0candidato(a) que j\u00e1 aguarda novas repescagens do PS 2021 da UFPA poder\u00e1 tamb\u00e9m concorrer. Se for aprovado(a) no novo edital ou chamado(a) em repescagem do edital anterior, ao efetuar a habilita\u00e7\u00e3o na vaga de um processo estar\u00e1 automaticamente renunciando \u00e0 vaga do outro.<\/p>\n<p><b>Servi\u00e7o:<\/b><\/p>\n<p>Processo Seletivo 2021-2 da UFPA<br \/>\nPer\u00edodo de inscri\u00e7\u00f5es: de 24 de maio at\u00e9 as 17h do dia\u00a02\u00a0de junho de 2021.<br \/>\n<a href=\"http:\/\/ceps.ufpa.br\/images\/conteudo\/Vestibular\/PS%202021-2\/editais%20avisos\/Edital%20PS%20UFPA%202021-2%20Preenchimento%20de%20Vagas%20remanescentes%20-%20versao-final-coperps.pdf\" target=\"_blank\" rel=\"noopener noreferrer\">Acesse o edital<\/a>.<br \/>\nInscri\u00e7\u00f5es:\u00a0<a href=\"https:\/\/www3.ceps.ufpa.br\/ps2021_2\/public\/index.php\" target=\"_blank\" rel=\"noopener noreferrer\">clique aqui<\/a>.<br \/>\nMais informa\u00e7\u00f5es:\u00a0<a href=\"http:\/\/ceps.ufpa.br\/\" target=\"_blank\" rel=\"noopener noreferrer\">ceps.ufpa.br<\/a><\/p>\n<p>Texto e arte gr\u00e1fica: Assessoria de Comunica\u00e7\u00e3o Institucional da UFPA<\/p>\n","protected":false},"excerpt":{"rendered":"<p>O Centro de Processos Seletivos (CEPS) da Universidade Federal do Par\u00e1 (UFPA) publicou o\u00a0edital do Processo Seletivo 2021-2 (PS 2021-2). O novo vestibular selecionar\u00e1 estudantes por meio da nota do Exame Nacional do Ensino M\u00e9dio (Enem) de 2020 para vagas remanescentes do PS 2021.\u00a0As inscri\u00e7\u00f5es s\u00e3o online\u00a0e podem ser feitas a partir de hoje, 24 &hellip; <a href=\"https:\/\/campuscastanhal.ufpa.br\/?p=3941\">Continue reading <span class=\"meta-nav\">&rarr;<\/span><\/a><\/p>\n","protected":false},"author":2,"featured_media":3940,"comment_status":"open","ping_status":"open","sticky":false,"template":"","format":"standard","meta":{"_exactmetrics_skip_tracking":false,"_exactmetrics_sitenote_active":false,"_exactmetrics_sitenote_note":"","_exactmetrics_sitenote_category":0},"categories":[1],"tags":[],"_links":{"self":[{"href":"https:\/\/campuscastanhal.ufpa.br\/index.php?rest_route=\/wp\/v2\/posts\/3941"}],"collection":[{"href":"https:\/\/campuscastanhal.ufpa.br\/index.php?rest_route=\/wp\/v2\/posts"}],"about":[{"href":"https:\/\/campuscastanhal.ufpa.br\/index.php?rest_route=\/wp\/v2\/types\/post"}],"author":[{"embeddable":true,"href":"https:\/\/campuscastanhal.ufpa.br\/index.php?rest_route=\/wp\/v2\/users\/2"}],"replies":[{"embeddable":true,"href":"https:\/\/campuscastanhal.ufpa.br\/index.php?rest_route=%2Fwp%2Fv2%2Fcomments&post=3941"}],"version-history":[{"count":1,"href":"https:\/\/campuscastanhal.ufpa.br\/index.php?rest_route=\/wp\/v2\/posts\/3941\/revisions"}],"predecessor-version":[{"id":3942,"href":"https:\/\/campuscastanhal.ufpa.br\/index.php?rest_route=\/wp\/v2\/posts\/3941\/revisions\/3942"}],"wp:featuredmedia":[{"embeddable":true,"href":"https:\/\/campuscastanhal.ufpa.br\/index.php?rest_route=\/wp\/v2\/media\/3940"}],"wp:attachment":[{"href":"https:\/\/campuscastanhal.ufpa.br\/index.php?rest_route=%2Fwp%2Fv2%2Fmedia&parent=3941"}],"wp:term":[{"taxonomy":"category","embeddable":true,"href":"https:\/\/campuscastanhal.ufpa.br\/index.php?rest_route=%2Fwp%2Fv2%2Fcategories&post=3941"},{"taxonomy":"post_tag","embeddable":true,"href":"https:\/\/campuscastanhal.ufpa.br\/index.php?rest_route=%2Fwp%2Fv2%2Ftags&post=3941"}],"curies":[{"name":"wp","href":"https:\/\/api.w.org\/{rel}","templated":true}]}}