{"id":3945,"date":"2021-05-25T14:57:45","date_gmt":"2021-05-25T17:57:45","guid":{"rendered":"https:\/\/campuscastanhal.ufpa.br\/?p=3945"},"modified":"2021-05-25T14:57:45","modified_gmt":"2021-05-25T17:57:45","slug":"encerra-a-primeira-etapa-da-habilitacao-dos-calourosas-da-repescagem-do-ps-2021-da-ufpa","status":"publish","type":"post","link":"https:\/\/campuscastanhal.ufpa.br\/?p=3945","title":{"rendered":"Encerra a primeira etapa da habilita\u00e7\u00e3o dos calouros(as) da repescagem do PS 2021 da UFPA"},"content":{"rendered":"<p><img decoding=\"async\" loading=\"lazy\" class=\"wp-image-3944 aligncenter\" src=\"https:\/\/campuscastanhal.ufpa.br\/wp-content\/uploads\/2021\/imagens\/PS_2021_Recurso_Habilitacao_Chamada_2_Portal.png\" alt=\"\" width=\"488\" height=\"266\" \/><\/p>\n<p style=\"text-align: justify;\">Est\u00e1 encerrado o prazo para preenchimento de dados e envio de documentos obrigat\u00f3rios para a habilita\u00e7\u00e3o ao v\u00ednculo institucional de candidatos(as) convocados (as) na 2<sup>a<\/sup>\u00a0Chamada do PS 2021. O Centro de Registros e Indicadores Acad\u00eamicos (CIAC) da Universidade Federal do Par\u00e1 divulgou, nesta ter\u00e7a-feira, 25 de maio,\u00a0<a href=\"http:\/\/ciac.ufpa.br\/index.php\/component\/content\/article?id=1263\">a rela\u00e7\u00e3o dos (as) candidatos(as) convocados (as) que n\u00e3o submeteram a documenta\u00e7\u00e3o no sistema de Cadastro Online de Calouros (COC)<\/a>. Quem n\u00e3o concluiu essa fase tem das 8h do dia 25 de maio at\u00e9 as 8h do dia 27 de maio (quinta-feira) para entrar com um recurso e manifestar interesse em ocupar a vaga.<\/p>\n<p style=\"text-align: justify;\">Para apresentar recurso, o(a) candidato(a) deve preencher\u00a0<a href=\"https:\/\/drive.google.com\/file\/d\/1YDUE07d7w2lkho1F8zlonR595444uB0c\/view?usp=drivesdk\">requerimento anexo ao\u00a0Edital 010\/2021 &#8211; CIAC<\/a>\u00a0e envi\u00e1-lo para por meio do Cadastro Online de Calouros, no endere\u00e7o eletr\u00f4nico coc.ufpa.br, juntamente com a justificativa para o n\u00e3o cumprimento do prazo e a documenta\u00e7\u00e3o obrigat\u00f3ria para habilita\u00e7\u00e3o no COC.<\/p>\n<p style=\"text-align: justify;\"><strong>Resultado da habilita\u00e7\u00e3o<\/strong>\u00a0&#8211; Os(as) calouros(as) que submeteram documenta\u00e7\u00e3o devem aguardar a an\u00e1lise documental pelo CIAC. No caso de candidatos(as) autodeclarados(as) ind\u00edgenas, negros(as) e pessoas com defici\u00eancia, haver\u00e1 ainda a avalia\u00e7\u00e3o ou valida\u00e7\u00e3o da documenta\u00e7\u00e3o pelas Comiss\u00f5es especiais previstas no edital de habilita\u00e7\u00e3o. A previs\u00e3o \u00e9 que o resultado da homologa\u00e7\u00e3o da 2<sup>a<\/sup>\u00a0Chamada da habilita\u00e7\u00e3o (1<sup>a<\/sup>\u00a0repescagem) ocorra at\u00e9 a primeira quinzena de junho, para os cursos que iniciam em 24 de junho.<\/p>\n<p class=\"p1\" style=\"text-align: justify;\">Ap\u00f3s o prazo para o recurso dos faltosos na etapa de envio da documenta\u00e7\u00e3o online, o CIAC dever\u00e1 publicar a terceira chamada (segunda repescagem) de classificados(as) no PS 2021.<\/p>\n<p><strong>Servi\u00e7o:<\/strong><\/p>\n<p>Recurso \u00e0 1<sup>a<\/sup>\u00a0Etapa da Habilita\u00e7\u00e3o (2<sup>a<\/sup>\u00a0Chamada)<\/p>\n<p>Prazo: das 8h do dia 25\/05 at\u00e9 as 8h do dia 27\/05\/2021 (quinta-feira)<\/p>\n<p>Mais informa\u00e7\u00f5es:\u00a0<a href=\"http:\/\/ciac.ufpa.br\/index.php\/processo-seletivo-ufpa\/114-ps-2021\/1264-edital-n-010-2021-candidatos-que-nao-preencheram-ao-coc-2-chamada-ps-2021\">Edital 010\/2021 &#8211; CIAC<\/a><\/p>\n<p>Texto e arte gr\u00e1fica: Assessoria de Comunica\u00e7\u00e3o Institucional da UFPA<\/p>\n","protected":false},"excerpt":{"rendered":"<p>Est\u00e1 encerrado o prazo para preenchimento de dados e envio de documentos obrigat\u00f3rios para a habilita\u00e7\u00e3o ao v\u00ednculo institucional de candidatos(as) convocados (as) na 2a\u00a0Chamada do PS 2021. O Centro de Registros e Indicadores Acad\u00eamicos (CIAC) da Universidade Federal do Par\u00e1 divulgou, nesta ter\u00e7a-feira, 25 de maio,\u00a0a rela\u00e7\u00e3o dos (as) candidatos(as) convocados (as) que n\u00e3o &hellip; <a href=\"https:\/\/campuscastanhal.ufpa.br\/?p=3945\">Continue reading <span class=\"meta-nav\">&rarr;<\/span><\/a><\/p>\n","protected":false},"author":2,"featured_media":3944,"comment_status":"open","ping_status":"open","sticky":false,"template":"","format":"standard","meta":{"_exactmetrics_skip_tracking":false,"_exactmetrics_sitenote_active":false,"_exactmetrics_sitenote_note":"","_exactmetrics_sitenote_category":0},"categories":[1],"tags":[],"_links":{"self":[{"href":"https:\/\/campuscastanhal.ufpa.br\/index.php?rest_route=\/wp\/v2\/posts\/3945"}],"collection":[{"href":"https:\/\/campuscastanhal.ufpa.br\/index.php?rest_route=\/wp\/v2\/posts"}],"about":[{"href":"https:\/\/campuscastanhal.ufpa.br\/index.php?rest_route=\/wp\/v2\/types\/post"}],"author":[{"embeddable":true,"href":"https:\/\/campuscastanhal.ufpa.br\/index.php?rest_route=\/wp\/v2\/users\/2"}],"replies":[{"embeddable":true,"href":"https:\/\/campuscastanhal.ufpa.br\/index.php?rest_route=%2Fwp%2Fv2%2Fcomments&post=3945"}],"version-history":[{"count":1,"href":"https:\/\/campuscastanhal.ufpa.br\/index.php?rest_route=\/wp\/v2\/posts\/3945\/revisions"}],"predecessor-version":[{"id":3946,"href":"https:\/\/campuscastanhal.ufpa.br\/index.php?rest_route=\/wp\/v2\/posts\/3945\/revisions\/3946"}],"wp:featuredmedia":[{"embeddable":true,"href":"https:\/\/campuscastanhal.ufpa.br\/index.php?rest_route=\/wp\/v2\/media\/3944"}],"wp:attachment":[{"href":"https:\/\/campuscastanhal.ufpa.br\/index.php?rest_route=%2Fwp%2Fv2%2Fmedia&parent=3945"}],"wp:term":[{"taxonomy":"category","embeddable":true,"href":"https:\/\/campuscastanhal.ufpa.br\/index.php?rest_route=%2Fwp%2Fv2%2Fcategories&post=3945"},{"taxonomy":"post_tag","embeddable":true,"href":"https:\/\/campuscastanhal.ufpa.br\/index.php?rest_route=%2Fwp%2Fv2%2Ftags&post=3945"}],"curies":[{"name":"wp","href":"https:\/\/api.w.org\/{rel}","templated":true}]}}