{"id":3957,"date":"2021-05-27T08:29:04","date_gmt":"2021-05-27T11:29:04","guid":{"rendered":"https:\/\/campuscastanhal.ufpa.br\/?p=3957"},"modified":"2021-05-27T08:29:04","modified_gmt":"2021-05-27T11:29:04","slug":"divulgado-o-resultado-da-primeira-etapa-da-habilitacao-de-calourosas-da-1a-chamada-do-ps-2021","status":"publish","type":"post","link":"https:\/\/campuscastanhal.ufpa.br\/?p=3957","title":{"rendered":"Divulgado o resultado da primeira etapa da habilita\u00e7\u00e3o de calouros(as) da 1a Chamada do PS 2021"},"content":{"rendered":"<p style=\"text-align: justify;\">O Centro de Registros e Indicadores Acad\u00eamicos (CIAC) da Universidade Federal do Par\u00e1 (UFPA) divulgou nesta quarta-feira, 26 de maio,\u00a0<a href=\"http:\/\/ciac.ufpa.br\/index.php\/ultimos-editais\/1265-edital-n-011-2021-homologacao-da-analise-dos-documentos-em-1-chamada-do-ps-2021\" target=\"_blank\" rel=\"noopener\">o resultado da primeira etapa da habilita\u00e7\u00e3o dos(as) calouros(as) da 1<sup>a<\/sup>\u00a0Chamada do PS 2021<\/a>. Essa fase consistiu na avalia\u00e7\u00e3o dos documentos obrigat\u00f3rios submetidos pelos(as) estudantes no sistema de Cadastro Online de Calouros (COC). Dos(as) 5.539 candidatos(as) analisados(as), 4.826 tiveram sua documenta\u00e7\u00e3o deferida.<\/p>\n<p style=\"text-align: justify;\">Quem n\u00e3o teve a sua documenta\u00e7\u00e3o deferida nessa etapa pode apresentar recurso at\u00e9 12 horas do dia 31 de maio (segunda-feira), enviando o formul\u00e1rio de recurso e demais documentos que julgar necess\u00e1rios, para o e-mail\u00a0<span id=\"cloakdda56bb88b5b9c537aaf8e71722aeb1e\"><a href=\"mailto:habilitacao.ciac@ufpa.br\">habilitacao.ciac@ufpa.br<\/a><\/span>. Aqueles(as) estudantes que estiverem deferidos(as), e n\u00e3o se inscreveram em cotas para pretos, pardos e ind\u00edgenas (PPI) e para pessoas com defici\u00eancia (PcD), devem aguardar a programa\u00e7\u00e3o da Semana do Calouro, a ser divulgada pela Pr\u00f3-Reitoria de Ensino de Gradua\u00e7\u00e3o. A matr\u00edcula nos componentes curriculares do per\u00edodo letivo \u00e9 feita de forma autom\u00e1tica pelas respectivas faculdades \u00e0s quais os cursos est\u00e3o vinculados. Para saber qual o per\u00edodo letivo de ingresso em cada curso, consulte o\u00a0<a href=\"http:\/\/proeg.ufpa.br\/index.php\/noticias\/423-proeg-disponibiliza-quadro-do-periodo-letivo-dos-calouros\" target=\"_blank\" rel=\"noopener\">quadro disponibilizado pela Pr\u00f3-Reitoria de Ensino de Ensino de Gradua\u00e7\u00e3o (PROEG)<\/a>. Lembrando que a matr\u00edcula ainda ser\u00e1 condicional at\u00e9 que seja feita a etapa presencial da habilita\u00e7\u00e3o, que se refere \u00e0 entrega da documenta\u00e7\u00e3o original e c\u00f3pia para confer\u00eancia, quando as condi\u00e7\u00f5es sanit\u00e1rias permitirem.<\/p>\n<p style=\"text-align: justify;\">Os(As) calouros(as) que se inscreveram em cotas PPI ou PcD ainda devem aguardar o resultado das demais etapas de que tamb\u00e9m participam. Este ano, os(as) estudantes que se autodeclararam negros(as) (pretas\/as ou pardos) na inscri\u00e7\u00e3o do PS 2021 tamb\u00e9m passam pela avalia\u00e7\u00e3o da Banca de Heteroidentifica\u00e7\u00e3o. A banca est\u00e1 fazendo a an\u00e1lise do fen\u00f3tipo dos(as) estudantes por meio dos arquivos de foto e v\u00eddeo enviados e decidir\u00e1, em parecer \u00fanico, se o(a) calouro(a) \u00e9 identificado(a) como \u201cpessoa negra\u201d ou \u201cpessoa n\u00e3o negra\u201d. Em caso de d\u00favida, a banca pode solicitar avalia\u00e7\u00e3o presencial quando a situa\u00e7\u00e3o epidemiol\u00f3gica permitir. Nesse caso, o(a) estudante ser\u00e1 deferido condicionalmente. Se n\u00e3o deferido pela Banca de Heteroidentifica\u00e7\u00e3o, o(a) calouro(a) ter\u00e1 direito a ser automaticamente avaliado por uma segunda banca, a Banca Recursal, que emitir\u00e1 parecer final.<\/p>\n<p style=\"text-align: justify;\">As pessoas autodeclaradas ind\u00edgenas classificadas no PS 2021 tamb\u00e9m passam por uma segunda etapa da habilita\u00e7\u00e3o, que \u00e9 a verifica\u00e7\u00e3o da sua autodeclara\u00e7\u00e3o de pertencimento \u00e9tnico.<\/p>\n<p style=\"text-align: justify;\">J\u00e1 os(as) calouras que se autodeclaram pessoa com defici\u00eancia (PcD) t\u00eam sua documenta\u00e7\u00e3o comprobat\u00f3ria ainda avaliada pela Comiss\u00e3o Multiprofissional de Verifica\u00e7\u00e3o de PcD na terceira etapa da habilita\u00e7\u00e3o. Ap\u00f3s as avalia\u00e7\u00f5es, a comiss\u00e3o emitir\u00e1 parecer como indeferido(a), deferido(a) ou deferido(a) condicionalmente para ocupa\u00e7\u00e3o ou n\u00e3o da vaga na UFPA.<\/p>\n<p style=\"text-align: justify;\">A previs\u00e3o \u00e9 que o resultado dessas demais etapas seja divulgado na primeira quinzena de junho, com prazo para eventuais recursos.<\/p>\n<p style=\"text-align: justify;\"><strong>Etapa presencial &#8211;<\/strong>\u00a0A quarta e \u00faltima etapa da habilita\u00e7\u00e3o ser\u00e1 a apresenta\u00e7\u00e3o presencial dos documentos obrigat\u00f3rios. A entrega presencial dos originais e\u00a0das\u00a0c\u00f3pias da documenta\u00e7\u00e3o ocorrer\u00e1 em data ainda indefinida, a ser informada quando as condi\u00e7\u00f5es sanit\u00e1rias forem vi\u00e1veis. O cronograma ser\u00e1 divulgado em edital espec\u00edfico e poder\u00e1 ser agendada no transcorrer do per\u00edodo letivo.<\/p>\n<p style=\"text-align: justify;\">Os(As) calouros(as) deferidos(as) condicionalmente poder\u00e3o efetuar sua matr\u00edcula e, quando as condi\u00e7\u00f5es permitirem, entregar\u00e3o sua documenta\u00e7\u00e3o para obten\u00e7\u00e3o da habilita\u00e7\u00e3o em definitivo ou n\u00e3o.<\/p>\n<p style=\"text-align: justify;\"><strong>Servi\u00e7o<br \/>\n<\/strong>Recurso ao resultado da 1<sup>a<\/sup>\u00a0Etapa da Habilita\u00e7\u00e3o<br \/>\nPrazo: at\u00e9 12h do dia 31\/5\/2021<br \/>\nMais informa\u00e7\u00f5es:\u00a0<a href=\"https:\/\/drive.google.com\/file\/d\/13MWUIipBDRm74X_M59https:\/\/drive.google.com\/file\/d\/13MWUIipBDRm74X_M59wvb_7RE0qY_ghZ\/viewwvb_7RE0qY_ghZ\/view\" target=\"_blank\" rel=\"noopener\">Edital 011\/2021<\/a> do CIAC<\/p>\n<p style=\"text-align: justify;\">Texto e arte gr\u00e1fica: Assessoria de Comunica\u00e7\u00e3o Institucional da UFPA<\/p>\n","protected":false},"excerpt":{"rendered":"<p>O Centro de Registros e Indicadores Acad\u00eamicos (CIAC) da Universidade Federal do Par\u00e1 (UFPA) divulgou nesta quarta-feira, 26 de maio,\u00a0o resultado da primeira etapa da habilita\u00e7\u00e3o dos(as) calouros(as) da 1a\u00a0Chamada do PS 2021. Essa fase consistiu na avalia\u00e7\u00e3o dos documentos obrigat\u00f3rios submetidos pelos(as) estudantes no sistema de Cadastro Online de Calouros (COC). Dos(as) 5.539 candidatos(as) &hellip; <a href=\"https:\/\/campuscastanhal.ufpa.br\/?p=3957\">Continue reading <span class=\"meta-nav\">&rarr;<\/span><\/a><\/p>\n","protected":false},"author":2,"featured_media":3956,"comment_status":"open","ping_status":"open","sticky":false,"template":"","format":"standard","meta":{"_exactmetrics_skip_tracking":false,"_exactmetrics_sitenote_active":false,"_exactmetrics_sitenote_note":"","_exactmetrics_sitenote_category":0},"categories":[1],"tags":[],"_links":{"self":[{"href":"https:\/\/campuscastanhal.ufpa.br\/index.php?rest_route=\/wp\/v2\/posts\/3957"}],"collection":[{"href":"https:\/\/campuscastanhal.ufpa.br\/index.php?rest_route=\/wp\/v2\/posts"}],"about":[{"href":"https:\/\/campuscastanhal.ufpa.br\/index.php?rest_route=\/wp\/v2\/types\/post"}],"author":[{"embeddable":true,"href":"https:\/\/campuscastanhal.ufpa.br\/index.php?rest_route=\/wp\/v2\/users\/2"}],"replies":[{"embeddable":true,"href":"https:\/\/campuscastanhal.ufpa.br\/index.php?rest_route=%2Fwp%2Fv2%2Fcomments&post=3957"}],"version-history":[{"count":1,"href":"https:\/\/campuscastanhal.ufpa.br\/index.php?rest_route=\/wp\/v2\/posts\/3957\/revisions"}],"predecessor-version":[{"id":3958,"href":"https:\/\/campuscastanhal.ufpa.br\/index.php?rest_route=\/wp\/v2\/posts\/3957\/revisions\/3958"}],"wp:featuredmedia":[{"embeddable":true,"href":"https:\/\/campuscastanhal.ufpa.br\/index.php?rest_route=\/wp\/v2\/media\/3956"}],"wp:attachment":[{"href":"https:\/\/campuscastanhal.ufpa.br\/index.php?rest_route=%2Fwp%2Fv2%2Fmedia&parent=3957"}],"wp:term":[{"taxonomy":"category","embeddable":true,"href":"https:\/\/campuscastanhal.ufpa.br\/index.php?rest_route=%2Fwp%2Fv2%2Fcategories&post=3957"},{"taxonomy":"post_tag","embeddable":true,"href":"https:\/\/campuscastanhal.ufpa.br\/index.php?rest_route=%2Fwp%2Fv2%2Ftags&post=3957"}],"curies":[{"name":"wp","href":"https:\/\/api.w.org\/{rel}","templated":true}]}}