{"id":3985,"date":"2021-06-14T10:45:56","date_gmt":"2021-06-14T13:45:56","guid":{"rendered":"https:\/\/campuscastanhal.ufpa.br\/?p=3985"},"modified":"2021-06-14T10:46:20","modified_gmt":"2021-06-14T13:46:20","slug":"divulgado-o-resultado-do-processo-seletivo-2021-2-da-ufpa","status":"publish","type":"post","link":"https:\/\/campuscastanhal.ufpa.br\/?p=3985","title":{"rendered":"Divulgado o resultado do Processo Seletivo 2021-2 da UFPA"},"content":{"rendered":"<p><img decoding=\"async\" loading=\"lazy\" class=\"wp-image-3984 aligncenter\" src=\"https:\/\/campuscastanhal.ufpa.br\/wp-content\/uploads\/2021\/imagens\/Listao_PS2021_2.jpeg\" alt=\"\" width=\"469\" height=\"256\" \/><\/p>\n<p style=\"text-align: justify;\">A Universidade Federal do Par\u00e1 (UFPA) divulgou, nesta segunda-feira, 14 de junho,\u00a0<a href=\"http:\/\/ceps.ufpa.br\/index.php\/ps2021-2\/429-resultados-ps2020-2\" target=\"_blank\" rel=\"noopener noreferrer\">o list\u00e3o dos(as) 505 candidatos(as) classificados(as) no Processo Seletivo 2021-2 (PS 2021-2)<\/a>. Foram preenchidas todas as 421 vagas disponibilizadas em todos os\u00a0<em>campi<\/em>, al\u00e9m de 84 vagas adicionais para pessoas com defici\u00eancia (PcD). Aberto para o preenchimento de vagas remanescentes do vestibular 2021, o PS 2021-2 contou com 12.667\u00a0estudantes inscritos e homologados, que concorreram a partir da nota obtida no Exame Nacional do Ensino M\u00e9dio (Enem).<\/p>\n<p style=\"text-align: justify;\">Dos(as) 505 classificados(as), 403 (80%) se inscreveram para concorrer a vagas pelo sistema de cotas e 102 (20%) concorreram apenas a vagas de ampla concorr\u00eancia. 396 classificados(as) receberam b\u00f4nus de 10% em sua nota no Enem por terem cursado o Ensino M\u00e9dio integralmente em um dos estados da regi\u00e3o Norte. 31 vagas adicionais para PcD n\u00e3o foram preenchidas.<\/p>\n<p style=\"text-align: justify;\">Como no list\u00e3o do PS 2021, a divulga\u00e7\u00e3o do resultado do PS 2021-2 tamb\u00e9m ocorreu exclusivamente de modo virtual, sem fixa\u00e7\u00e3o do list\u00e3o nos quadros da universidade, a fim de evitar aglomera\u00e7\u00f5es. O reitor da UFPA, Emmanuel Zagury Tourinho, dirigiu uma mensagem aos(\u00e0s) calouros(as): \u201cAbrimos um novo processo seletivo para dar nova oportunidade aos(\u00e0s) candidatos(as) que buscam uma vaga no ensino superior p\u00fablico. Ficamos muito felizes em preencher a totalidade das vagas ofertadas, al\u00e9m de vagas adicionais para pessoas com defici\u00eancia. Desde j\u00e1, todos(as) s\u00e3o bem-vindos(as) e est\u00e3o convidados(as) a colaborar com o fortalecimento da UFPA. Em decorr\u00eancia das limita\u00e7\u00f5es ainda impostas pelo contexto de pandemia, pedimos que comemorem a aprova\u00e7\u00e3o em suas casas e evitem aglomera\u00e7\u00f5es. Esperamos, em breve, receb\u00ea-los(as) presencialmente na universidade\u201d.<\/p>\n<p style=\"text-align: justify;\">Os(As) calouros(as) devem aguardar agora a divulga\u00e7\u00e3o do edital de habilita\u00e7\u00e3o, que \u00e9 o processo de v\u00ednculo \u00e0 universidade. O Centro de Registros e Indicadores Acad\u00eamicos far\u00e1 a publica\u00e7\u00e3o em breve no endere\u00e7o ciac.ufpa.br.<\/p>\n<p style=\"text-align: justify;\"><strong>Per\u00edodo de ingresso\u00a0<\/strong>\u2013 Os(As) calouros(as) j\u00e1 podem conferir as informa\u00e7\u00f5es sobre o per\u00edodo letivo (PL) de in\u00edcio das atividades acad\u00eamicas de seus cursos. Algumas turmas j\u00e1 ingressar\u00e3o no PL2 (com in\u00edcio em 24 de junho) e outras no PL3 (com in\u00edcio em 14 de outubro). Confira o calend\u00e1rio no\u00a0<a href=\"http:\/\/www.proeg.ufpa.br\/view\/inicio\/\" target=\"_blank\" rel=\"noopener noreferrer\">site da Pr\u00f3-Reitoria de Ensino de Gradua\u00e7\u00e3o da UFPA (Proeg)<\/a>.<\/p>\n<p style=\"text-align: justify;\">Texto e arte gr\u00e1fica: Assessoria de Comunica\u00e7\u00e3o Institucional da UFPA<\/p>\n","protected":false},"excerpt":{"rendered":"<p>A Universidade Federal do Par\u00e1 (UFPA) divulgou, nesta segunda-feira, 14 de junho,\u00a0o list\u00e3o dos(as) 505 candidatos(as) classificados(as) no Processo Seletivo 2021-2 (PS 2021-2). Foram preenchidas todas as 421 vagas disponibilizadas em todos os\u00a0campi, al\u00e9m de 84 vagas adicionais para pessoas com defici\u00eancia (PcD). Aberto para o preenchimento de vagas remanescentes do vestibular 2021, o PS &hellip; <a href=\"https:\/\/campuscastanhal.ufpa.br\/?p=3985\">Continue reading <span class=\"meta-nav\">&rarr;<\/span><\/a><\/p>\n","protected":false},"author":2,"featured_media":3984,"comment_status":"open","ping_status":"open","sticky":false,"template":"","format":"standard","meta":{"_exactmetrics_skip_tracking":false,"_exactmetrics_sitenote_active":false,"_exactmetrics_sitenote_note":"","_exactmetrics_sitenote_category":0},"categories":[1],"tags":[],"_links":{"self":[{"href":"https:\/\/campuscastanhal.ufpa.br\/index.php?rest_route=\/wp\/v2\/posts\/3985"}],"collection":[{"href":"https:\/\/campuscastanhal.ufpa.br\/index.php?rest_route=\/wp\/v2\/posts"}],"about":[{"href":"https:\/\/campuscastanhal.ufpa.br\/index.php?rest_route=\/wp\/v2\/types\/post"}],"author":[{"embeddable":true,"href":"https:\/\/campuscastanhal.ufpa.br\/index.php?rest_route=\/wp\/v2\/users\/2"}],"replies":[{"embeddable":true,"href":"https:\/\/campuscastanhal.ufpa.br\/index.php?rest_route=%2Fwp%2Fv2%2Fcomments&post=3985"}],"version-history":[{"count":1,"href":"https:\/\/campuscastanhal.ufpa.br\/index.php?rest_route=\/wp\/v2\/posts\/3985\/revisions"}],"predecessor-version":[{"id":3986,"href":"https:\/\/campuscastanhal.ufpa.br\/index.php?rest_route=\/wp\/v2\/posts\/3985\/revisions\/3986"}],"wp:featuredmedia":[{"embeddable":true,"href":"https:\/\/campuscastanhal.ufpa.br\/index.php?rest_route=\/wp\/v2\/media\/3984"}],"wp:attachment":[{"href":"https:\/\/campuscastanhal.ufpa.br\/index.php?rest_route=%2Fwp%2Fv2%2Fmedia&parent=3985"}],"wp:term":[{"taxonomy":"category","embeddable":true,"href":"https:\/\/campuscastanhal.ufpa.br\/index.php?rest_route=%2Fwp%2Fv2%2Fcategories&post=3985"},{"taxonomy":"post_tag","embeddable":true,"href":"https:\/\/campuscastanhal.ufpa.br\/index.php?rest_route=%2Fwp%2Fv2%2Ftags&post=3985"}],"curies":[{"name":"wp","href":"https:\/\/api.w.org\/{rel}","templated":true}]}}