{"id":3995,"date":"2021-06-15T14:58:55","date_gmt":"2021-06-15T17:58:55","guid":{"rendered":"https:\/\/campuscastanhal.ufpa.br\/?p=3995"},"modified":"2021-06-15T15:00:09","modified_gmt":"2021-06-15T18:00:09","slug":"esta-aberto-o-prazo-para-habilitacao-dos-calouros-do-ps-2021-2","status":"publish","type":"post","link":"https:\/\/campuscastanhal.ufpa.br\/?p=3995","title":{"rendered":"Est\u00e1 aberto o prazo para habilita\u00e7\u00e3o dos calouros do PS 2021-2"},"content":{"rendered":"<p><img decoding=\"async\" loading=\"lazy\" class=\"wp-image-3994 aligncenter\" src=\"https:\/\/campuscastanhal.ufpa.br\/wp-content\/uploads\/2021\/imagens\/Habiliatacao_PS2021_2.jpg\" alt=\"\" width=\"424\" height=\"231\" \/><\/p>\n<p style=\"text-align: justify;\">J\u00e1 est\u00e1 dispon\u00edvel, no\u00a0<a href=\"http:\/\/ciac.ufpa.br\/index.php\/component\/content\/article?id=1256\" target=\"_blank\" rel=\"noopener noreferrer\">site<\/a><a href=\"http:\/\/ciac.ufpa.br\/index.php\/component\/content\/article?id=1256\" target=\"_blank\" rel=\"noopener noreferrer\">\u00a0do Centro de Registro e Indicadores Acad\u00eamicos<\/a>\u00a0da Universidade Federal do Par\u00e1 (CIAC\/UFPA), o edital de convoca\u00e7\u00e3o para habilita\u00e7\u00e3o ao v\u00ednculo institucional dos candidatos(as) classificados(as) no Processo Seletivo 2021\/2. Para conferir o edital completo,\u00a0<a href=\"https:\/\/drive.google.com\/file\/d\/13oPzEpitfbhfrmYOAyT4fEv-ddBRtSGG\/view\" target=\"_blank\" rel=\"noopener noreferrer\">clique aqui<\/a>\u00a0e leia com muita aten\u00e7\u00e3o. A primeira fase iniciou \u00e0s 14h desta segunda (14) e segue at\u00e9 as 16h do dia 20\/6\/2021.<\/p>\n<p style=\"text-align: justify;\">A habilita\u00e7\u00e3o ao v\u00ednculo institucional envolve v\u00e1rias fases e tem novidades este ano. As etapas variam, conforme o grupo de inscri\u00e7\u00e3o do candidato(a) no PS 2021\/2. O(A) candidato(a) n\u00e3o deve se confundir com o tipo de vaga que ocupou na classifica\u00e7\u00e3o geral, pois,\u00a0dependendo do grupo\u00a0em\u00a0que se inscreveu, podia concorrer a mais de um tipo de cota. Assim, por exemplo, um(a) candidato(a) inscrito(a) com perfil para concorrer\u00a0\u00e0\u00a0Cota Escola\/Renda\/PPI deve participar das etapas e submeter as documenta\u00e7\u00f5es obrigat\u00f3rias a esse perfil, ainda que tenha ocupado uma vaga geral de Cota Escola ou de Ampla Concorr\u00eancia.<\/p>\n<p style=\"text-align: justify;\">Em decorr\u00eancia da situa\u00e7\u00e3o epidemiol\u00f3gica, algumas etapas ser\u00e3o exclusivamente online e, quando as condi\u00e7\u00f5es sanit\u00e1rias permitirem, ocorrer\u00e3o as atividades presenciais. As etapas s\u00e3o: 1)\u00a0<b>preenchimento cadastral e envio da documenta\u00e7\u00e3o<\/b>\u00a0pelos(as) calouros(as) via sistema; 2)\u00a0<b>valida\u00e7\u00e3o da autodeclara\u00e7\u00e3o de pessoa negra (preta ou parda)\u00a0<\/b>por Banca de Heteroidentifica\u00e7\u00e3o e\u00a0<b>valida\u00e7\u00e3o da autodeclara\u00e7\u00e3o<\/b>\u00a0<b>de pessoa ind\u00edgena<\/b>\u00a0por Comiss\u00e3o de Verifica\u00e7\u00e3o da Autodeclara\u00e7\u00e3o de Pertencimento \u00c9tnico (no caso de candidatos\/as inscritos\/as em vagas destinadas a Cotas PPI; 3)\u00a0<b>verifica\u00e7\u00e3o da condi\u00e7\u00e3o de pessoa com defici\u00eancia (PcD)<\/b>\u00a0por Comiss\u00e3o Multiprofissional de Verifica\u00e7\u00e3o de PcD (no caso de candidatos\/as inscritos\/as em vagas destinadas a\u00a0PcD); 4)\u00a0<b>entrega presencial da documenta\u00e7\u00e3o<\/b>\u00a0original e c\u00f3pia.<\/p>\n<p style=\"text-align: justify;\">Na primeira etapa, todos(as) os(as) candidatos(as) classificados(as) no PS 2021\/2 da UFPA dever\u00e3o acessar o Sistema Online de Calouros, no endere\u00e7o eletr\u00f4nico\u00a0<a href=\"https:\/\/coc.ufpa.br\/coc\/\" target=\"_blank\" rel=\"noopener noreferrer\">coc.ufpa.br<\/a>, utilizando n\u00famero de inscri\u00e7\u00e3o e RG informados na inscri\u00e7\u00e3o do processo seletivo. Ao acessar o sistema, \u00e9 necess\u00e1rio preencher os dados cadastrais e enviar,\u00a0de forma online,\u00a0a documenta\u00e7\u00e3o exigida, conforme seu grupo de concorr\u00eancia. Para conferir a documenta\u00e7\u00e3o obrigat\u00f3ria para cada grupo de concorr\u00eancia de vagas pelo qual o(a) candidato(a) se inscreveu, consulte com aten\u00e7\u00e3o o\u00a0<a href=\"https:\/\/drive.google.com\/file\/d\/13oPzEpitfbhfrmYOAyT4fEv-ddBRtSGG\/view\" target=\"_blank\" rel=\"noopener noreferrer\">item 4 do Edital n\u00b013\/2021 &#8211; CIAC, de 14 de junho de 2021.<\/a>\u00a0Quando o(a) candidato(a) entrar no sistema, ver\u00e1 todos os documentos obrigat\u00f3rios que devem ser anexados conforme seu perfil de inscri\u00e7\u00e3o.<\/p>\n<p style=\"text-align: justify;\">Para esta primeira chamada de habilita\u00e7\u00e3o, o sistema do Cadastro Online de Calouros (COC) estar\u00e1 dispon\u00edvel das 14h do dia 14\/6\/2021 at\u00e9 as 16h do dia 20\/6\/2021.<\/p>\n<p style=\"text-align: justify;\"><b>Verifica\u00e7\u00e3o de autodeclara\u00e7\u00e3o de pessoa negra<\/b>\u00a0\u2013 A segunda etapa da habilita\u00e7\u00e3o dos(as) calouros(as) \u00e9 a verifica\u00e7\u00e3o da autodeclara\u00e7\u00e3o de candidatos(as) PPI. O procedimento de valida\u00e7\u00e3o da autodeclara\u00e7\u00e3o ser\u00e1 realizado por uma Banca de Heteroidentifica\u00e7\u00e3o. Para isso, no caso de candidato(a) autodeclarado(a) pessoa negra (preta ou parda), o(a) calouro(a) dever\u00e1 assinar autodeclara\u00e7\u00e3o racial justificada, tomando por refer\u00eancia exclusivamente o seu fen\u00f3tipo, conforme modelo no\u00a0<a href=\"https:\/\/drive.google.com\/file\/d\/1RUl0c1aEIdKOABvDvthG76kyFRhn-weQ\/view?usp=sharing\" target=\"_blank\" rel=\"noopener noreferrer\">Anexo I<\/a>\u00a0do edital. Esse documento dever\u00e1 ser anexado ao Sistema coc.ufpa.br desde a primeira etapa, no per\u00edodo informado anteriormente.<\/p>\n<p style=\"text-align: justify;\">No mesmo per\u00edodo, de 14 a 20 de junho, os(as) calouros(as) autodeclarados(as) pessoa negra devem enviar,\u00a0para o e-mail\u00a0<span id=\"cloakc6213d86f7ba6ccb7a3754e0b394a542\"><a href=\"mailto:verifica.autodeclara@ufpa.br\">verifica.autodeclara@ufpa.br<\/a><\/span>, suas fotografias e v\u00eddeo de perfil,\u00a0de acordo com as especifica\u00e7\u00f5es contidas no item 5 do Edital de Habilita\u00e7\u00e3o. O edital ainda\u00a0orienta como\u00a0proceder no caso de candidatos(as) que se autodeclararem negros(as) e tamb\u00e9m\u00a0PcD\u00a0simultaneamente.<\/p>\n<p style=\"text-align: justify;\">Importante lembrar que o fen\u00f3tipo social, conforme previsto no\u00a0edital, corresponde ao conjunto de caracter\u00edsticas pelas quais as pessoas s\u00e3o vistas e consideradas negras (cor da pele e outras caracter\u00edsticas f\u00edsicas, principalmente faciais),\u00a0as quais\u00a0lhes deixam vulner\u00e1veis \u00e0s discrimina\u00e7\u00f5es e ao racismo.<\/p>\n<p style=\"text-align: justify;\">O procedimento de heteroidentifica\u00e7\u00e3o acontecer\u00e1 por meio da avalia\u00e7\u00e3o dos arquivos enviados (fotos e v\u00eddeo) e considerar\u00e1, t\u00e3o somente, os aspectos fenot\u00edpicos dos candidatos(as) autodeclarados(as) negros(as) (pretos(as) e pardos(as)), decidindo-se, em parecer \u00fanico, se o(a) candidato(a) \u00e9 identificado(a) como \u201cpessoa negra\u201d ou \u201cpessoa n\u00e3o negra\u201d. Em caso de d\u00favida, a Banca pode solicitar avalia\u00e7\u00e3o presencial quando a situa\u00e7\u00e3o epidemiol\u00f3gica permitir. Nesse caso, o(a) candidato(a) ser\u00e1 deferido condicionalmente.<\/p>\n<p style=\"text-align: justify;\">Se n\u00e3o deferido pela Banca de Heteroidentifica\u00e7\u00e3o, o(a) candidato(a) ter\u00e1 direito a ser automaticamente avaliado por uma segunda banca, a Banca Recursal, que emitir\u00e1 parecer final.<\/p>\n<p style=\"text-align: justify;\"><b>Verifica\u00e7\u00e3o de autodeclara\u00e7\u00e3o de pessoa ind\u00edgena &#8211;\u00a0<\/b>As pessoas autodeclaradas ind\u00edgenas, classificadas no PS 2021\/2, dever\u00e3o preencher e assinar uma autodeclara\u00e7\u00e3o \u00e9tnico-racial, conforme modelo no\u00a0<a href=\"https:\/\/drive.google.com\/file\/d\/1RUl0c1aEIdKOABvDvthG76kyFRhn-weQ\/view?usp=sharing\" target=\"_blank\" rel=\"noopener noreferrer\">Anexo I<\/a>, al\u00e9m de apresentar uma declara\u00e7\u00e3o de pertencimento (em conformidade com o estabelecido no edital) ou o Registro Administrativo de Nascimento de Ind\u00edgena (RANI).<\/p>\n<p style=\"text-align: justify;\">Essas documenta\u00e7\u00f5es devem ser enviadas para o e-mail\u00a0<span id=\"cloak217771777b2c55a349a2f9c32f1f508c\"><a href=\"mailto:verifica.autodeclara@ufpa.br\">verifica.autodeclara@ufpa.br<\/a><\/span>, no per\u00edodo de 14 a 20 de junho, para serem analisadas pela Comiss\u00e3o de Verifica\u00e7\u00e3o da Autodeclara\u00e7\u00e3o de Pertencimento \u00c9tnico.<\/p>\n<p style=\"text-align: justify;\"><b>Verifica\u00e7\u00e3o de autodeclara\u00e7\u00e3o PcD &#8211;\u00a0<\/b>A an\u00e1lise da condi\u00e7\u00e3o de pessoa com defici\u00eancia ser\u00e1 realizada\u00a0pela\u00a0Comiss\u00e3o Multiprofissional de Verifica\u00e7\u00e3o de PcD na terceira etapa da habilita\u00e7\u00e3o. Somente passar\u00e1 pela verifica\u00e7\u00e3o o(a) candidato(a) deferido(a) nas etapas de an\u00e1lise documental e da Comiss\u00e3o de Heteroidentifica\u00e7\u00e3o, quando\u00a0o(a)\u00a0candidato(a) tamb\u00e9m tiver concorrido a cotas PPI. A\u00a0comiss\u00e3o\u00a0emitir\u00e1 parecer na habilita\u00e7\u00e3o como indeferido(a), deferido(a) ou deferido(a) condicionalmente para ocupa\u00e7\u00e3o ou n\u00e3o da vaga na UFPA.<\/p>\n<p style=\"text-align: justify;\">Todas as fases ter\u00e3o prazos previstos no edital para interposi\u00e7\u00e3o de recurso.<\/p>\n<p style=\"text-align: justify;\"><b>Etapa presencial &#8211;<\/b>\u00a0A quarta e \u00faltima etapa da habilita\u00e7\u00e3o ser\u00e1 a apresenta\u00e7\u00e3o presencial dos documentos obrigat\u00f3rios. A entrega presencial dos originais e\u00a0das\u00a0c\u00f3pias da documenta\u00e7\u00e3o ocorrer\u00e1 em data a ser informada posteriormente, quando as condi\u00e7\u00f5es sanit\u00e1rias forem vi\u00e1veis. O cronograma ser\u00e1 divulgado em edital espec\u00edfico.<\/p>\n<p style=\"text-align: justify;\">Caso n\u00e3o seja poss\u00edvel realizar a etapa presencial antes do in\u00edcio do per\u00edodo letivo, os(as) calouros(as) deferidos(as) condicionalmente poder\u00e3o efetuar sua matr\u00edcula e, quando as condi\u00e7\u00f5es permitirem, entregar\u00e3o sua documenta\u00e7\u00e3o para obten\u00e7\u00e3o da habilita\u00e7\u00e3o em definitivo ou n\u00e3o.<\/p>\n<p style=\"text-align: justify;\"><b>Perda de vagas e repescagem &#8211;<\/b>\u00a0Quem n\u00e3o seguir as regras do edital quanto \u00e0s recomenda\u00e7\u00f5es para a apresenta\u00e7\u00e3o de documenta\u00e7\u00e3o e\u00a0para\u00a0as\u00a0convoca\u00e7\u00f5es estar\u00e1 sujeito \u00e0 perda da vaga. \u00c0\u00a0medida que\u00a0as etapas da habilita\u00e7\u00e3o finalizarem e houver libera\u00e7\u00e3o de vagas, ser\u00e3o publicados novos editais de convoca\u00e7\u00e3o de candidatos(as), pela ordem de classifica\u00e7\u00e3o no PS 2021\/2 e\u00a0pelo\u00a0tipo de vagas dispon\u00edveis.<\/p>\n<p style=\"text-align: justify;\"><b>Casos de estudantes que j\u00e1 possuem v\u00ednculo<\/b>\u00a0\u2013 O(A) calouro(a) que j\u00e1 possui algum v\u00ednculo de aluno(a) com a UFPA, antes de realizar sua habilita\u00e7\u00e3o, deve informar sua desist\u00eancia da vaga j\u00e1 ocupada, por meio do\u00a0<a href=\"https:\/\/sagitta.ufpa.br\/sagitta\/\" target=\"_blank\" rel=\"noopener noreferrer\">sistema Sagitta<\/a>.<\/p>\n<p style=\"text-align: justify;\"><b>Servi\u00e7o:<\/b><\/p>\n<p style=\"text-align: justify;\">Convoca\u00e7\u00e3o dos candidatos classificados no PS 2021\/2 para habilita\u00e7\u00e3o ao v\u00ednculo institucional<\/p>\n<p style=\"text-align: justify;\">Per\u00edodo da primeira chamada: das 14h do dia 14\/6\/2021 at\u00e9 as 16h do dia 20\/6\/2021<\/p>\n<p style=\"text-align: justify;\">Endere\u00e7o eletr\u00f4nico:\u00a0<a href=\"https:\/\/coc.ufpa.br\/coc\/\" target=\"_blank\" rel=\"noopener noreferrer\">coc.ufpa.br<\/a>.<\/p>\n<p style=\"text-align: justify;\">Para mais informa\u00e7\u00f5es,\u00a0acesse:\u00a0<a href=\"http:\/\/ciac.ufpa.br\/\" target=\"_blank\" rel=\"noopener noreferrer\">ciac.ufpa.br<\/a>.<\/p>\n<p style=\"text-align: justify;\">Texto: J\u00e9ssica Souza \u2013 Assessoria de Comunica\u00e7\u00e3o Institucional da UFPA<br \/>\nArte: Assessoria de Comunica\u00e7\u00e3o Institucional da UFPA<\/p>\n","protected":false},"excerpt":{"rendered":"<p>J\u00e1 est\u00e1 dispon\u00edvel, no\u00a0site\u00a0do Centro de Registro e Indicadores Acad\u00eamicos\u00a0da Universidade Federal do Par\u00e1 (CIAC\/UFPA), o edital de convoca\u00e7\u00e3o para habilita\u00e7\u00e3o ao v\u00ednculo institucional dos candidatos(as) classificados(as) no Processo Seletivo 2021\/2. Para conferir o edital completo,\u00a0clique aqui\u00a0e leia com muita aten\u00e7\u00e3o. A primeira fase iniciou \u00e0s 14h desta segunda (14) e segue at\u00e9 as 16h &hellip; <a href=\"https:\/\/campuscastanhal.ufpa.br\/?p=3995\">Continue reading <span class=\"meta-nav\">&rarr;<\/span><\/a><\/p>\n","protected":false},"author":2,"featured_media":3994,"comment_status":"open","ping_status":"open","sticky":false,"template":"","format":"standard","meta":{"_exactmetrics_skip_tracking":false,"_exactmetrics_sitenote_active":false,"_exactmetrics_sitenote_note":"","_exactmetrics_sitenote_category":0},"categories":[1],"tags":[],"_links":{"self":[{"href":"https:\/\/campuscastanhal.ufpa.br\/index.php?rest_route=\/wp\/v2\/posts\/3995"}],"collection":[{"href":"https:\/\/campuscastanhal.ufpa.br\/index.php?rest_route=\/wp\/v2\/posts"}],"about":[{"href":"https:\/\/campuscastanhal.ufpa.br\/index.php?rest_route=\/wp\/v2\/types\/post"}],"author":[{"embeddable":true,"href":"https:\/\/campuscastanhal.ufpa.br\/index.php?rest_route=\/wp\/v2\/users\/2"}],"replies":[{"embeddable":true,"href":"https:\/\/campuscastanhal.ufpa.br\/index.php?rest_route=%2Fwp%2Fv2%2Fcomments&post=3995"}],"version-history":[{"count":2,"href":"https:\/\/campuscastanhal.ufpa.br\/index.php?rest_route=\/wp\/v2\/posts\/3995\/revisions"}],"predecessor-version":[{"id":3998,"href":"https:\/\/campuscastanhal.ufpa.br\/index.php?rest_route=\/wp\/v2\/posts\/3995\/revisions\/3998"}],"wp:featuredmedia":[{"embeddable":true,"href":"https:\/\/campuscastanhal.ufpa.br\/index.php?rest_route=\/wp\/v2\/media\/3994"}],"wp:attachment":[{"href":"https:\/\/campuscastanhal.ufpa.br\/index.php?rest_route=%2Fwp%2Fv2%2Fmedia&parent=3995"}],"wp:term":[{"taxonomy":"category","embeddable":true,"href":"https:\/\/campuscastanhal.ufpa.br\/index.php?rest_route=%2Fwp%2Fv2%2Fcategories&post=3995"},{"taxonomy":"post_tag","embeddable":true,"href":"https:\/\/campuscastanhal.ufpa.br\/index.php?rest_route=%2Fwp%2Fv2%2Ftags&post=3995"}],"curies":[{"name":"wp","href":"https:\/\/api.w.org\/{rel}","templated":true}]}}