{"id":4004,"date":"2021-06-16T13:53:07","date_gmt":"2021-06-16T16:53:07","guid":{"rendered":"https:\/\/campuscastanhal.ufpa.br\/?p=4004"},"modified":"2021-06-16T13:53:38","modified_gmt":"2021-06-16T16:53:38","slug":"servidores-e-colaboradores-da-ufpa-castanhal-serao-vacinados-contra-a-covid-19-nesta-sexta-18","status":"publish","type":"post","link":"https:\/\/campuscastanhal.ufpa.br\/?p=4004","title":{"rendered":"Servidores e colaboradores da UFPA\/Castanhal ser\u00e3o vacinados contra a Covid-19 nesta sexta (18)"},"content":{"rendered":"<p><img decoding=\"async\" loading=\"lazy\" class=\"size-full wp-image-4003 aligncenter\" src=\"https:\/\/campuscastanhal.ufpa.br\/wp-content\/uploads\/2021\/imagens\/vacina_site.jpeg\" alt=\"\" width=\"550\" height=\"300\" \/><\/p>\n<p style=\"text-align: justify;\">O Campus Universit\u00e1rio de Castanhal da Universidade Federal do Par\u00e1, em parceria com a Prefeitura Municipal de Castanhal \u2013 por meio da Secretaria Municipal de Sa\u00fade, estar\u00e1 imunizando todos os docentes, t\u00e9cnico-administrativos, colaboradores contratados da seguran\u00e7a e limpeza, que ainda n\u00e3o foram vacinados contra a Covid-19.<\/p>\n<p style=\"text-align: justify;\">\u00c9 importante destacar que aqueles que forem se vacinar, n\u00e3o devem estar com sintomas de gripe ou resfriado e que n\u00e3o tenham tomado a primeira dose tamb\u00e9m.<\/p>\n<p style=\"text-align: justify;\">Cumprindo as medidas de seguran\u00e7a contra a Covid-19, todos devem comparecer usando m\u00e1scara.<\/p>\n<p style=\"text-align: justify;\">Saiba mais sobre a vacina, local, hor\u00e1rio e documentos necess\u00e1rios:<\/p>\n<p style=\"text-align: justify;\">Data: 18 de junho de 2021 (sexta-feira)<br \/>\nHor\u00e1rio: das 9h \u00e0s 14h<br \/>\nLocal: Gin\u00e1sio da UFPA Campus Castanhal<br \/>\nVacina: Astrazeneca<br \/>\nObs.: Levar Documento de identifica\u00e7\u00e3o, cart\u00e3o SUS e cart\u00e3o de vacina\u00e7\u00e3o.<\/p>\n","protected":false},"excerpt":{"rendered":"<p>O Campus Universit\u00e1rio de Castanhal da Universidade Federal do Par\u00e1, em parceria com a Prefeitura Municipal de Castanhal \u2013 por meio da Secretaria Municipal de Sa\u00fade, estar\u00e1 imunizando todos os docentes, t\u00e9cnico-administrativos, colaboradores contratados da seguran\u00e7a e limpeza, que ainda n\u00e3o foram vacinados contra a Covid-19. \u00c9 importante destacar que aqueles que forem se vacinar, &hellip; <a href=\"https:\/\/campuscastanhal.ufpa.br\/?p=4004\">Continue reading <span class=\"meta-nav\">&rarr;<\/span><\/a><\/p>\n","protected":false},"author":2,"featured_media":4003,"comment_status":"open","ping_status":"open","sticky":false,"template":"","format":"standard","meta":{"_exactmetrics_skip_tracking":false,"_exactmetrics_sitenote_active":false,"_exactmetrics_sitenote_note":"","_exactmetrics_sitenote_category":0},"categories":[1],"tags":[],"_links":{"self":[{"href":"https:\/\/campuscastanhal.ufpa.br\/index.php?rest_route=\/wp\/v2\/posts\/4004"}],"collection":[{"href":"https:\/\/campuscastanhal.ufpa.br\/index.php?rest_route=\/wp\/v2\/posts"}],"about":[{"href":"https:\/\/campuscastanhal.ufpa.br\/index.php?rest_route=\/wp\/v2\/types\/post"}],"author":[{"embeddable":true,"href":"https:\/\/campuscastanhal.ufpa.br\/index.php?rest_route=\/wp\/v2\/users\/2"}],"replies":[{"embeddable":true,"href":"https:\/\/campuscastanhal.ufpa.br\/index.php?rest_route=%2Fwp%2Fv2%2Fcomments&post=4004"}],"version-history":[{"count":1,"href":"https:\/\/campuscastanhal.ufpa.br\/index.php?rest_route=\/wp\/v2\/posts\/4004\/revisions"}],"predecessor-version":[{"id":4005,"href":"https:\/\/campuscastanhal.ufpa.br\/index.php?rest_route=\/wp\/v2\/posts\/4004\/revisions\/4005"}],"wp:featuredmedia":[{"embeddable":true,"href":"https:\/\/campuscastanhal.ufpa.br\/index.php?rest_route=\/wp\/v2\/media\/4003"}],"wp:attachment":[{"href":"https:\/\/campuscastanhal.ufpa.br\/index.php?rest_route=%2Fwp%2Fv2%2Fmedia&parent=4004"}],"wp:term":[{"taxonomy":"category","embeddable":true,"href":"https:\/\/campuscastanhal.ufpa.br\/index.php?rest_route=%2Fwp%2Fv2%2Fcategories&post=4004"},{"taxonomy":"post_tag","embeddable":true,"href":"https:\/\/campuscastanhal.ufpa.br\/index.php?rest_route=%2Fwp%2Fv2%2Ftags&post=4004"}],"curies":[{"name":"wp","href":"https:\/\/api.w.org\/{rel}","templated":true}]}}