{"id":4090,"date":"2021-08-09T08:00:51","date_gmt":"2021-08-09T11:00:51","guid":{"rendered":"https:\/\/campuscastanhal.ufpa.br\/?p=4090"},"modified":"2021-08-10T17:17:27","modified_gmt":"2021-08-10T20:17:27","slug":"ufpa-castanhal-abre-inscricoes-para-curso-de-especializacao-pesquisa-em-educacao","status":"publish","type":"post","link":"https:\/\/campuscastanhal.ufpa.br\/?p=4090","title":{"rendered":"UFPA Castanhal abre inscri\u00e7\u00f5es para Curso de Especializa\u00e7\u00e3o: Pesquisa em Educa\u00e7\u00e3o"},"content":{"rendered":"<p><img decoding=\"async\" loading=\"lazy\" class=\"wp-image-4089 aligncenter\" src=\"https:\/\/campuscastanhal.ufpa.br\/wp-content\/uploads\/2021\/imagens\/pesquisa_em_educacao.png\" alt=\"\" width=\"486\" height=\"265\" \/><\/p>\n<p style=\"text-align: justify;\">Docentes da Educa\u00e7\u00e3o B\u00e1sica e graduados em geral podem se inscrever, a partir desta segunda, 02 de agosto, para preencher uma das 30 vagas para o Curso de Especializa\u00e7\u00e3o: Pesquisa em Educa\u00e7\u00e3o, ofertado pelo Campus da UFPA em Castanhal.<\/p>\n<p style=\"text-align: justify;\">As inscri\u00e7\u00f5es ser\u00e3o realizadas at\u00e9 o dia 11 de agosto, pelo <a href=\"https:\/\/sigaa.ufpa.br\/sigaa\/public\/programa\/lista.jsf?aba=p-academico\" target=\"_blank\" rel=\"noopener\">SIGAA-UFPA<\/a>, op\u00e7\u00e3o &#8220;Programas de P\u00f3s-Gradua\u00e7\u00e3o&#8221; e pelo e-mail: &lt;pgpeduc.ccast@ufpa.br&gt;. Os interessados devem enviar: ficha de inscri\u00e7\u00e3o preenchida (clique <a href=\"https:\/\/campuscastanhal.ufpa.br\/wp-content\/uploads\/2021\/arquivos\/Ficha_Especializacao.docx\" target=\"_blank\" rel=\"noopener\">aqui<\/a> para acessar) e documentos solicitados (descritos no <a href=\"https:\/\/campuscastanhal.ufpa.br\/wp-content\/uploads\/2021\/arquivos\/EDITAL_PESQUISA_EM_EDUCACAO.pdf\" target=\"_blank\" rel=\"noopener\">edital<\/a>); minuta do projeto, em PDF; e Curr\u00edculo Lattes, com comprovantes, para o endere\u00e7o: &lt;pgpeduc.ccast@ufpa.br&gt;. OBS.: Os documentos devem ser enviados com o \u201cASSUNTO: INSCRI\u00c7\u00c3O\u201d.<\/p>\n<p style=\"text-align: justify;\">O objetivo geral do \u201cCurso de Especializa\u00e7\u00e3o: Pesquisa em Educa\u00e7\u00e3o\u201d \u00e9 qualificar profissionais da Educa\u00e7\u00e3o B\u00e1sica e graduados em geral para a defini\u00e7\u00e3o, estrutura\u00e7\u00e3o e desenvolvimento de pesquisas em educa\u00e7\u00e3o, com vistas \u00e0 qualifica\u00e7\u00e3o do trabalho docente e ao acesso \u00e0 p\u00f3s-gradua\u00e7\u00e3o stricto senso, contemplando aspectos t\u00e9cnicos, te\u00f3ricos e metodol\u00f3gicos em temas interdisciplinares.<\/p>\n<p style=\"text-align: justify;\"><strong>Sele\u00e7\u00e3o<\/strong>\u00a0\u2013 As etapas da sele\u00e7\u00e3o para o Curso de Especializa\u00e7\u00e3o consistem em tr\u00eas etapas: an\u00e1lise da minuta de projeto de pesquisa (eliminat\u00f3rio); entrevista individual sobre o projeto de pesquisa (presencial e eliminat\u00f3ria); an\u00e1lise de curr\u00edculo (classificat\u00f3rio). Em cumprimento aos protocolos e medidas de seguran\u00e7a sanit\u00e1ria, por causa da pandemia de Covid-19, ainda vigente, o processo de sele\u00e7\u00e3o se dar\u00e1 por meio eletr\u00f4nico. Apenas as entrevistas ocorrer\u00e3o de forma presencial.<\/p>\n<p style=\"text-align: justify;\"><strong>Curso<\/strong> \u2013 As disciplinas do curso ser\u00e3o realizadas de forma remota (ensino remoto), enquanto a UFPA n\u00e3o retomar as atividades presenciais. A Especializa\u00e7\u00e3o ter\u00e1 dura\u00e7\u00e3o de 1 ano e a aula magna est\u00e1 prevista para o dia 01\/09\/2021.<\/p>\n<p style=\"text-align: justify;\">Para mais informa\u00e7\u00f5es, acesse o <a href=\"https:\/\/campuscastanhal.ufpa.br\/wp-content\/uploads\/2021\/arquivos\/EDITAL_PESQUISA_EM_EDUCACAO.pdf\" target=\"_blank\" rel=\"noopener\">edital<\/a> e o <a href=\"https:\/\/campuscastanhal.ufpa.br\/wp-content\/uploads\/2021\/arquivos\/MANUAL_DO_CANDIDATO.pdf\" target=\"_blank\" rel=\"noopener\">manual do candidato<\/a>\u00a0ou escreva para &lt;pgpeduc.ccast@ufpa.br&gt;.<\/p>\n<p style=\"text-align: justify;\"><strong>Servi\u00e7o:<\/strong><br \/>\n<strong>Curso de Especializa\u00e7\u00e3o: Pesquisa em Educa\u00e7\u00e3o<\/strong><br \/>\nInscri\u00e7\u00f5es: at\u00e9 11 de agosto, pelo <a href=\"https:\/\/sigaa.ufpa.br\/sigaa\/public\/programa\/lista.jsf?aba=p-academico\" target=\"_blank\" rel=\"noopener\">SIGAA<\/a> e pelo e-mail \u00a0&lt;pgpeduc.ccast@ufpa.br&gt;<br \/>\nP\u00fablico-alvo: Docentes da Educa\u00e7\u00e3o B\u00e1sica e graduados em geral<br \/>\nMais informa\u00e7\u00f5es: acesse o <a href=\"https:\/\/campuscastanhal.ufpa.br\/wp-content\/uploads\/2021\/arquivos\/EDITAL_PESQUISA_EM_EDUCACAO.pdf\" target=\"_blank\" rel=\"noopener\">edital<\/a><br \/>\nE-mail para d\u00favidas: &lt;pgpeduc.ccast@ufpa.br&gt;<\/p>\n<p style=\"text-align: justify;\">Texto: Paula Lopes \u2013 Assessoria de Comunica\u00e7\u00e3o UFPA\/Castanhal<\/p>\n<p>&nbsp;<\/p>\n<p>&nbsp;<\/p>\n","protected":false},"excerpt":{"rendered":"<p>Docentes da Educa\u00e7\u00e3o B\u00e1sica e graduados em geral podem se inscrever, a partir desta segunda, 02 de agosto, para preencher uma das 30 vagas para o Curso de Especializa\u00e7\u00e3o: Pesquisa em Educa\u00e7\u00e3o, ofertado pelo Campus da UFPA em Castanhal. As inscri\u00e7\u00f5es ser\u00e3o realizadas at\u00e9 o dia 11 de agosto, pelo SIGAA-UFPA, op\u00e7\u00e3o &#8220;Programas de P\u00f3s-Gradua\u00e7\u00e3o&#8221; &hellip; <a href=\"https:\/\/campuscastanhal.ufpa.br\/?p=4090\">Continue reading <span class=\"meta-nav\">&rarr;<\/span><\/a><\/p>\n","protected":false},"author":2,"featured_media":4089,"comment_status":"open","ping_status":"open","sticky":false,"template":"","format":"standard","meta":{"_exactmetrics_skip_tracking":false,"_exactmetrics_sitenote_active":false,"_exactmetrics_sitenote_note":"","_exactmetrics_sitenote_category":0},"categories":[1],"tags":[],"_links":{"self":[{"href":"https:\/\/campuscastanhal.ufpa.br\/index.php?rest_route=\/wp\/v2\/posts\/4090"}],"collection":[{"href":"https:\/\/campuscastanhal.ufpa.br\/index.php?rest_route=\/wp\/v2\/posts"}],"about":[{"href":"https:\/\/campuscastanhal.ufpa.br\/index.php?rest_route=\/wp\/v2\/types\/post"}],"author":[{"embeddable":true,"href":"https:\/\/campuscastanhal.ufpa.br\/index.php?rest_route=\/wp\/v2\/users\/2"}],"replies":[{"embeddable":true,"href":"https:\/\/campuscastanhal.ufpa.br\/index.php?rest_route=%2Fwp%2Fv2%2Fcomments&post=4090"}],"version-history":[{"count":5,"href":"https:\/\/campuscastanhal.ufpa.br\/index.php?rest_route=\/wp\/v2\/posts\/4090\/revisions"}],"predecessor-version":[{"id":4096,"href":"https:\/\/campuscastanhal.ufpa.br\/index.php?rest_route=\/wp\/v2\/posts\/4090\/revisions\/4096"}],"wp:featuredmedia":[{"embeddable":true,"href":"https:\/\/campuscastanhal.ufpa.br\/index.php?rest_route=\/wp\/v2\/media\/4089"}],"wp:attachment":[{"href":"https:\/\/campuscastanhal.ufpa.br\/index.php?rest_route=%2Fwp%2Fv2%2Fmedia&parent=4090"}],"wp:term":[{"taxonomy":"category","embeddable":true,"href":"https:\/\/campuscastanhal.ufpa.br\/index.php?rest_route=%2Fwp%2Fv2%2Fcategories&post=4090"},{"taxonomy":"post_tag","embeddable":true,"href":"https:\/\/campuscastanhal.ufpa.br\/index.php?rest_route=%2Fwp%2Fv2%2Ftags&post=4090"}],"curies":[{"name":"wp","href":"https:\/\/api.w.org\/{rel}","templated":true}]}}