{"id":5238,"date":"2022-09-23T16:14:32","date_gmt":"2022-09-23T19:14:32","guid":{"rendered":"https:\/\/campuscastanhal.ufpa.br\/?p=5238"},"modified":"2022-09-23T16:15:00","modified_gmt":"2022-09-23T19:15:00","slug":"professor-do-instituto-de-educacao-matematica-e-cientifica-da-ufpa-vai-lancar-livros-no-campus-de-castanhal","status":"publish","type":"post","link":"https:\/\/campuscastanhal.ufpa.br\/?p=5238","title":{"rendered":"Professor do Instituto de Educa\u00e7\u00e3o Matem\u00e1tica e Cient\u00edfica da UFPA vai lan\u00e7ar livros no Campus de Castanhal"},"content":{"rendered":"<p><img decoding=\"async\" loading=\"lazy\" class=\"size-full wp-image-5237 aligncenter\" src=\"https:\/\/campuscastanhal.ufpa.br\/wp-content\/uploads\/2022\/imagens\/Livros_Iran.jpg\" alt=\"\" width=\"550\" height=\"300\" \/><\/p>\n<p style=\"text-align: justify;\">A Faculdade de Matem\u00e1tica convida a comunidade acad\u00eamica para o lan\u00e7amento de duas obras de autoria do Prof. Dr. Iran Abreu Mendes, do Instituto de Educa\u00e7\u00e3o Matem\u00e1tica e Cient\u00edfica (IEMCI) da UFPA. O evento vai acontecer no dia 28 de setembro de 2022, \u00e0s 15 horas, no Audit\u00f3rio do GETI. Na ocasi\u00e3o ser\u00e3o lan\u00e7ados os livros intitulados \u201cArtes Matem\u00e1ticas, Ci\u00eancias e T\u00e9cnicas na Amaz\u00f4nia do S\u00e9culo XVIII\u201d e \u201cUsos da Hist\u00f3ria no Ensino de Matem\u00e1tica: Reflex\u00f5es, T\u00e9cnicas e Experi\u00eancias\u201d.<\/p>\n<p style=\"text-align: justify;\">O professor Iran escolheu o Campus Universit\u00e1rio de Castanhal para fazer o lan\u00e7amento de suas obras e para realizar um momento de bate-papo com os participantes, al\u00e9m de sess\u00e3o de aut\u00f3grafo.<\/p>\n<p style=\"text-align: justify;\">O professor Iran Abreu Mendes, \u00e9 Bolsista Produtividade em Pesquisa N\u00edvel 1C do CNPq. Possui gradua\u00e7\u00e3o em Licenciatura em Matem\u00e1tica e Licenciatura em Ci\u00eancias, ambas pela Universidade Federal do Par\u00e1 (1983), Especializa\u00e7\u00e3o em Ensino de Ci\u00eancias e Matem\u00e1tica pela Universidade Federal do Par\u00e1 (1995), Mestrado em Educa\u00e7\u00e3o pela Universidade Federal do Rio Grande do Norte (1997). Doutorado em Educa\u00e7\u00e3o pela Universidade Federal do Rio Grande do Norte (2001) e P\u00f3s-Doutorado em Educa\u00e7\u00e3o Matem\u00e1tica pela UNESP\/Rio Claro (2008).<\/p>\n<p style=\"text-align: justify;\">Atualmente, \u00e9 professor Titular do Instituto de Educa\u00e7\u00e3o Matem\u00e1tica e Cient\u00edfica (IEMCI) da Universidade Federal do Par\u00e1, onde atua como pesquisador do Programa de P\u00f3s-Gradua\u00e7\u00e3o em Educa\u00e7\u00e3o em Ci\u00eancias e Matem\u00e1ticas.<\/p>\n<p style=\"text-align: justify;\">Tem experi\u00eancia no ensino de C\u00e1lculo, Geometria Anal\u00edtica e Euclidiana, Hist\u00f3ria da Matem\u00e1tica, Hist\u00f3ria da Educa\u00e7\u00e3o Matem\u00e1tica, Did\u00e1tica da Matem\u00e1tica e Fundamentos Epistemol\u00f3gicos da Matem\u00e1tica.<\/p>\n<p style=\"text-align: justify;\">Desenvolve pesquisas sobre: Epistemologia da Matem\u00e1tica, Hist\u00f3ria da Matem\u00e1tica, Hist\u00f3ria da Educa\u00e7\u00e3o Matem\u00e1tica, Hist\u00f3ria para o Ensino de Matem\u00e1tica, Pr\u00e1ticas Socioculturais e Educa\u00e7\u00e3o Matem\u00e1tica, Diversidade Cultural e Educa\u00e7\u00e3o Matem\u00e1tica. L\u00edder do Grupo de Pesquisa Pr\u00e1ticas Socioculturais e Educa\u00e7\u00e3o Matem\u00e1tica (GPSEM\/UFPA). E-mail: <a href=\"mailto:iamendes1@gmail.com\">iamendes1@gmail.com<\/a>.<\/p>\n<p style=\"text-align: justify;\">Texto e arte: Divulga\u00e7\u00e3o FacMat<\/p>\n","protected":false},"excerpt":{"rendered":"<p>A Faculdade de Matem\u00e1tica convida a comunidade acad\u00eamica para o lan\u00e7amento de duas obras de autoria do Prof. Dr. Iran Abreu Mendes, do Instituto de Educa\u00e7\u00e3o Matem\u00e1tica e Cient\u00edfica (IEMCI) da UFPA. O evento vai acontecer no dia 28 de setembro de 2022, \u00e0s 15 horas, no Audit\u00f3rio do GETI. Na ocasi\u00e3o ser\u00e3o lan\u00e7ados os [&hellip;]<\/p>\n","protected":false},"author":2,"featured_media":5237,"comment_status":"open","ping_status":"open","sticky":false,"template":"","format":"standard","meta":{"_exactmetrics_skip_tracking":false,"_exactmetrics_sitenote_active":false,"_exactmetrics_sitenote_note":"","_exactmetrics_sitenote_category":0},"categories":[17],"tags":[],"_links":{"self":[{"href":"https:\/\/campuscastanhal.ufpa.br\/index.php?rest_route=\/wp\/v2\/posts\/5238"}],"collection":[{"href":"https:\/\/campuscastanhal.ufpa.br\/index.php?rest_route=\/wp\/v2\/posts"}],"about":[{"href":"https:\/\/campuscastanhal.ufpa.br\/index.php?rest_route=\/wp\/v2\/types\/post"}],"author":[{"embeddable":true,"href":"https:\/\/campuscastanhal.ufpa.br\/index.php?rest_route=\/wp\/v2\/users\/2"}],"replies":[{"embeddable":true,"href":"https:\/\/campuscastanhal.ufpa.br\/index.php?rest_route=%2Fwp%2Fv2%2Fcomments&post=5238"}],"version-history":[{"count":1,"href":"https:\/\/campuscastanhal.ufpa.br\/index.php?rest_route=\/wp\/v2\/posts\/5238\/revisions"}],"predecessor-version":[{"id":5239,"href":"https:\/\/campuscastanhal.ufpa.br\/index.php?rest_route=\/wp\/v2\/posts\/5238\/revisions\/5239"}],"wp:featuredmedia":[{"embeddable":true,"href":"https:\/\/campuscastanhal.ufpa.br\/index.php?rest_route=\/wp\/v2\/media\/5237"}],"wp:attachment":[{"href":"https:\/\/campuscastanhal.ufpa.br\/index.php?rest_route=%2Fwp%2Fv2%2Fmedia&parent=5238"}],"wp:term":[{"taxonomy":"category","embeddable":true,"href":"https:\/\/campuscastanhal.ufpa.br\/index.php?rest_route=%2Fwp%2Fv2%2Fcategories&post=5238"},{"taxonomy":"post_tag","embeddable":true,"href":"https:\/\/campuscastanhal.ufpa.br\/index.php?rest_route=%2Fwp%2Fv2%2Ftags&post=5238"}],"curies":[{"name":"wp","href":"https:\/\/api.w.org\/{rel}","templated":true}]}}