{"id":5723,"date":"2023-03-24T12:04:24","date_gmt":"2023-03-24T15:04:24","guid":{"rendered":"https:\/\/campuscastanhal.ufpa.br\/?p=5723"},"modified":"2023-03-24T12:04:24","modified_gmt":"2023-03-24T15:04:24","slug":"conferencia-vai-abordar-classico-da-literatura-no-dia-30","status":"publish","type":"post","link":"https:\/\/campuscastanhal.ufpa.br\/?p=5723","title":{"rendered":"Confer\u00eancia vai abordar cl\u00e1ssico da literatura no dia 30"},"content":{"rendered":"<p><img decoding=\"async\" loading=\"lazy\" class=\"alignnone size-full wp-image-5721 aligncenter\" src=\"https:\/\/campuscastanhal.ufpa.br\/wp-content\/uploads\/2023\/imagens\/conferencia_lltt.jpeg\" alt=\"\" width=\"550\" height=\"300\" \/><\/p>\n<p style=\"text-align: justify;\">O Laborat\u00f3rio de Lexicografia, Terminologia e Tradu\u00e7\u00e3o (LLTT) da<br \/>\nFaculdade de Letras da UFPA Castanhal, coordenado pelo Prof. Dr. Ivan Pereira de Souza, no \u00e2mbito do Projeto de Extens\u00e3o Oficina de Tradu\u00e7\u00e3o, apresenta a Confer\u00eancia &#8220;Dr\u00e1cula, de Bream Stoker&#8221;.<\/p>\n<p style=\"text-align: justify;\">O evento ser\u00e1 realizado na pr\u00f3xima quinta-feira, 30 de mar\u00e7o, \u00e0s 15h, no Audit\u00f3rio do GETI e o convidado para o debate ser\u00e1 o Prof. Dr. Francisco Ewerton dos Santos da Escola de Aplica\u00e7\u00e3o da UFPA, antigo NPI.<\/p>\n<p style=\"text-align: justify;\">O objetivo do projeto \u00e9 oferecer \u00e0 comunidade acad\u00eamica e externa um espa\u00e7o de aprimoramento cultural com a discuss\u00e3o de obras cl\u00e1ssicas da literatura mundial.<\/p>\n<p style=\"text-align: justify;\">O evento conta com certificado e \u00e9 aberto ao p\u00fablico geral. N\u00e3o \u00e9 necess\u00e1rio realizar inscri\u00e7\u00e3o pr\u00e9via.<\/p>\n<p style=\"text-align: justify;\">Texto: Divulga\u00e7\u00e3o LLTT<\/p>\n<p style=\"text-align: justify;\">Arte: Ana Lima \u2013 Ascom UFPA Castanhal<\/p>\n","protected":false},"excerpt":{"rendered":"<p>O Laborat\u00f3rio de Lexicografia, Terminologia e Tradu\u00e7\u00e3o (LLTT) da Faculdade de Letras da UFPA Castanhal, coordenado pelo Prof. Dr. Ivan Pereira de Souza, no \u00e2mbito do Projeto de Extens\u00e3o Oficina de Tradu\u00e7\u00e3o, apresenta a Confer\u00eancia &#8220;Dr\u00e1cula, de Bream Stoker&#8221;. O evento ser\u00e1 realizado na pr\u00f3xima quinta-feira, 30 de mar\u00e7o, \u00e0s 15h, no Audit\u00f3rio do GETI [&hellip;]<\/p>\n","protected":false},"author":2,"featured_media":5721,"comment_status":"open","ping_status":"open","sticky":false,"template":"","format":"standard","meta":{"_exactmetrics_skip_tracking":false,"_exactmetrics_sitenote_active":false,"_exactmetrics_sitenote_note":"","_exactmetrics_sitenote_category":0},"categories":[1],"tags":[],"_links":{"self":[{"href":"https:\/\/campuscastanhal.ufpa.br\/index.php?rest_route=\/wp\/v2\/posts\/5723"}],"collection":[{"href":"https:\/\/campuscastanhal.ufpa.br\/index.php?rest_route=\/wp\/v2\/posts"}],"about":[{"href":"https:\/\/campuscastanhal.ufpa.br\/index.php?rest_route=\/wp\/v2\/types\/post"}],"author":[{"embeddable":true,"href":"https:\/\/campuscastanhal.ufpa.br\/index.php?rest_route=\/wp\/v2\/users\/2"}],"replies":[{"embeddable":true,"href":"https:\/\/campuscastanhal.ufpa.br\/index.php?rest_route=%2Fwp%2Fv2%2Fcomments&post=5723"}],"version-history":[{"count":1,"href":"https:\/\/campuscastanhal.ufpa.br\/index.php?rest_route=\/wp\/v2\/posts\/5723\/revisions"}],"predecessor-version":[{"id":5724,"href":"https:\/\/campuscastanhal.ufpa.br\/index.php?rest_route=\/wp\/v2\/posts\/5723\/revisions\/5724"}],"wp:featuredmedia":[{"embeddable":true,"href":"https:\/\/campuscastanhal.ufpa.br\/index.php?rest_route=\/wp\/v2\/media\/5721"}],"wp:attachment":[{"href":"https:\/\/campuscastanhal.ufpa.br\/index.php?rest_route=%2Fwp%2Fv2%2Fmedia&parent=5723"}],"wp:term":[{"taxonomy":"category","embeddable":true,"href":"https:\/\/campuscastanhal.ufpa.br\/index.php?rest_route=%2Fwp%2Fv2%2Fcategories&post=5723"},{"taxonomy":"post_tag","embeddable":true,"href":"https:\/\/campuscastanhal.ufpa.br\/index.php?rest_route=%2Fwp%2Fv2%2Ftags&post=5723"}],"curies":[{"name":"wp","href":"https:\/\/api.w.org\/{rel}","templated":true}]}}