{"id":7058,"date":"2024-12-19T14:40:16","date_gmt":"2024-12-19T17:40:16","guid":{"rendered":"https:\/\/campuscastanhal.ufpa.br\/?p=7058"},"modified":"2024-12-19T14:43:27","modified_gmt":"2024-12-19T17:43:27","slug":"ufpa-castanhal-abre-inscricoes-para-cadastro-de-reserva-de-professores-formadores-para-o-curso-de-licenciatura-em-educacao-especial-inclusiva","status":"publish","type":"post","link":"https:\/\/campuscastanhal.ufpa.br\/?p=7058","title":{"rendered":"UFPA Castanhal abre inscri\u00e7\u00f5es para cadastro de reserva de professores formadores para o curso de Licenciatura em Educa\u00e7\u00e3o Especial Inclusiva"},"content":{"rendered":"<div class=\"wp-block-image\">\n<figure class=\"aligncenter size-full\"><img decoding=\"async\" loading=\"lazy\" width=\"746\" height=\"423\" src=\"https:\/\/campuscastanhal.ufpa.br\/wp-content\/uploads\/Selecao-PARFOR.png\" alt=\"\" class=\"wp-image-7059\" srcset=\"https:\/\/campuscastanhal.ufpa.br\/wp-content\/uploads\/Selecao-PARFOR.png 746w, https:\/\/campuscastanhal.ufpa.br\/wp-content\/uploads\/Selecao-PARFOR-300x170.png 300w\" sizes=\"(max-width: 746px) 100vw, 746px\" \/><\/figure><\/div>\n\n\n<p><\/p>\n\n\n\n<p>A Universidade Federal do Par\u00e1 (UFPA), por meio da Faculdade de Pedagogia do Campus de Castanhal, anuncia a abertura do processo seletivo para cadastro de reserva de professores formadores do Curso de Licenciatura em Educa\u00e7\u00e3o Especial Inclusiva, vinculado ao Parfor Equidade, de acordo com o <strong><a rel=\"noreferrer noopener\" href=\"https:\/\/campuscastanhal.ufpa.br\/wp-content\/uploads\/2024\/edital-1-2024-cadastro-reserva-docentes-LEEI-parfor-equidade.pdf\" data-type=\"URL\" data-id=\"https:\/\/campuscastanhal.ufpa.br\/wp-content\/uploads\/2024\/edital-1-2024-cadastro-reserva-docentes-LEEI-parfor-equidade.pdf\" target=\"_blank\">Edital 01\/2024<\/a><\/strong>, que estabelece as normas para sele\u00e7\u00e3o e atua\u00e7\u00e3o de bolsistas nos per\u00edodos letivos de 2025.1 e 2025.3.<\/p>\n\n\n\n<p>O processo seletivo visa atender \u00e0 metodologia do curso, baseada na pedagogia da altern\u00e2ncia, com atividades desenvolvidas em per\u00edodos intensivos.<\/p>\n\n\n\n<p><strong>Requisitos para participa\u00e7\u00e3o <\/strong>&#8211; Os candidatos devem atender aos crit\u00e9rios exigidos para as modalidades Professor Formador I e II. Para a primeira modalidade, \u00e9 necess\u00e1rio ser docente efetivo da UFPA ou de secretarias de educa\u00e7\u00e3o, possuir t\u00edtulo de mestre ou doutor, forma\u00e7\u00e3o na \u00e1rea da disciplina a ser ministrada, experi\u00eancia m\u00ednima de dois anos no magist\u00e9rio superior e atua\u00e7\u00e3o na forma\u00e7\u00e3o de professores, dentre outros crit\u00e9rios descritos no edital.<\/p>\n\n\n\n<p>J\u00e1 os candidatos \u00e0 modalidade Professor Formador II devem ter forma\u00e7\u00e3o em n\u00edvel de p\u00f3s-gradua\u00e7\u00e3o, experi\u00eancia m\u00ednima de um ano no magist\u00e9rio e comprovar atua\u00e7\u00e3o na forma\u00e7\u00e3o de professores, dentre outros crit\u00e9rios descritos no edital. Ambos os perfis devem apresentar plano de ensino alinhado \u00e0 disciplina pretendida.<\/p>\n\n\n\n<p><strong>Processo seletivo <\/strong>&#8211; O processo ser\u00e1 composto pela an\u00e1lise do curr\u00edculo Lattes, do plano de ensino e da documenta\u00e7\u00e3o comprobat\u00f3ria. A classifica\u00e7\u00e3o dos candidatos ser\u00e1 feita com base na pontua\u00e7\u00e3o obtida.<\/p>\n\n\n\n<p><strong>Inscri\u00e7\u00f5es<\/strong> &#8211; As inscri\u00e7\u00f5es para o cadastro de reserva s\u00e3o gratuitas e devem ser realizadas exclusivamente via e-mail, no endere\u00e7o naccesscastanhal@ufpa.br. O per\u00edodo para envio da documenta\u00e7\u00e3o ser\u00e1 de 19 de dezembro de 2024 at\u00e9 12h de 20 de dezembro de 2024. Para efetuar a inscri\u00e7\u00e3o, o candidato deve apresentar os seguintes documentos: formul\u00e1rio de inscri\u00e7\u00e3o preenchido (anexo, c\u00f3pias de documentos pessoais (identidade, CPF, t\u00edtulo de eleitor e, no caso de candidatos do sexo masculino, certificado militar), diplomas de gradua\u00e7\u00e3o e p\u00f3s-gradua\u00e7\u00e3o, curr\u00edculo Lattes, declara\u00e7\u00e3o de disponibilidade e plano de ensino referente \u00e0 disciplina pretendida. Todos os formul\u00e1rios est\u00e3o dispon\u00edveis nos anexos do <strong><a href=\"https:\/\/campuscastanhal.ufpa.br\/wp-content\/uploads\/2024\/edital-1-2024-cadastro-reserva-docentes-LEEI-parfor-equidade.pdf\" data-type=\"URL\" data-id=\"https:\/\/campuscastanhal.ufpa.br\/wp-content\/uploads\/2024\/edital-1-2024-cadastro-reserva-docentes-LEEI-parfor-equidade.pdf\" target=\"_blank\" rel=\"noreferrer noopener\">edital<\/a><\/strong>\u200b.<\/p>\n\n\n\n<p>Para mais informa\u00e7\u00f5es, envie e-mail para <a href=\"mailto:naccesscastanhal@ufpa.br\">naccesscastanhal@ufpa.br<\/a>.<\/p>\n\n\n\n<p><strong>Texto:<\/strong> Paula Lopes \u2013 Ascom UFPA\/Castanhal<\/p>\n","protected":false},"excerpt":{"rendered":"<p>A Universidade Federal do Par\u00e1 (UFPA), por meio da Faculdade de Pedagogia do Campus de Castanhal, anuncia a abertura do processo seletivo para cadastro de reserva de professores formadores do Curso de Licenciatura em Educa\u00e7\u00e3o Especial Inclusiva, vinculado ao Parfor Equidade, de acordo com o Edital 01\/2024, que estabelece as normas para sele\u00e7\u00e3o e atua\u00e7\u00e3o &hellip; <a href=\"https:\/\/campuscastanhal.ufpa.br\/?p=7058\">Continue reading <span class=\"meta-nav\">&rarr;<\/span><\/a><\/p>\n","protected":false},"author":2,"featured_media":7059,"comment_status":"open","ping_status":"open","sticky":false,"template":"","format":"standard","meta":{"_exactmetrics_skip_tracking":false,"_exactmetrics_sitenote_active":false,"_exactmetrics_sitenote_note":"","_exactmetrics_sitenote_category":0},"categories":[1],"tags":[],"_links":{"self":[{"href":"https:\/\/campuscastanhal.ufpa.br\/index.php?rest_route=\/wp\/v2\/posts\/7058"}],"collection":[{"href":"https:\/\/campuscastanhal.ufpa.br\/index.php?rest_route=\/wp\/v2\/posts"}],"about":[{"href":"https:\/\/campuscastanhal.ufpa.br\/index.php?rest_route=\/wp\/v2\/types\/post"}],"author":[{"embeddable":true,"href":"https:\/\/campuscastanhal.ufpa.br\/index.php?rest_route=\/wp\/v2\/users\/2"}],"replies":[{"embeddable":true,"href":"https:\/\/campuscastanhal.ufpa.br\/index.php?rest_route=%2Fwp%2Fv2%2Fcomments&post=7058"}],"version-history":[{"count":2,"href":"https:\/\/campuscastanhal.ufpa.br\/index.php?rest_route=\/wp\/v2\/posts\/7058\/revisions"}],"predecessor-version":[{"id":7062,"href":"https:\/\/campuscastanhal.ufpa.br\/index.php?rest_route=\/wp\/v2\/posts\/7058\/revisions\/7062"}],"wp:featuredmedia":[{"embeddable":true,"href":"https:\/\/campuscastanhal.ufpa.br\/index.php?rest_route=\/wp\/v2\/media\/7059"}],"wp:attachment":[{"href":"https:\/\/campuscastanhal.ufpa.br\/index.php?rest_route=%2Fwp%2Fv2%2Fmedia&parent=7058"}],"wp:term":[{"taxonomy":"category","embeddable":true,"href":"https:\/\/campuscastanhal.ufpa.br\/index.php?rest_route=%2Fwp%2Fv2%2Fcategories&post=7058"},{"taxonomy":"post_tag","embeddable":true,"href":"https:\/\/campuscastanhal.ufpa.br\/index.php?rest_route=%2Fwp%2Fv2%2Ftags&post=7058"}],"curies":[{"name":"wp","href":"https:\/\/api.w.org\/{rel}","templated":true}]}}