{"id":7063,"date":"2024-12-20T17:18:47","date_gmt":"2024-12-20T20:18:47","guid":{"rendered":"https:\/\/campuscastanhal.ufpa.br\/?p=7063"},"modified":"2024-12-20T17:18:48","modified_gmt":"2024-12-20T20:18:48","slug":"selecao-para-cadastro-de-reserva-de-professores-formadores-para-o-curso-de-licenciatura-em-educacao-especial-inclusiva-divulgado-o-resultado-preliminar","status":"publish","type":"post","link":"https:\/\/campuscastanhal.ufpa.br\/?p=7063","title":{"rendered":"Sele\u00e7\u00e3o para cadastro de reserva de professores formadores para o curso de Licenciatura em Educa\u00e7\u00e3o Especial Inclusiva: divulgado o resultado preliminar"},"content":{"rendered":"<div class=\"wp-block-image\">\n<figure class=\"aligncenter size-full\"><img decoding=\"async\" loading=\"lazy\" width=\"746\" height=\"423\" src=\"https:\/\/campuscastanhal.ufpa.br\/wp-content\/uploads\/Selecao-PARFOR-resultado-preliminar.png\" alt=\"\" class=\"wp-image-7064\" srcset=\"https:\/\/campuscastanhal.ufpa.br\/wp-content\/uploads\/Selecao-PARFOR-resultado-preliminar.png 746w, https:\/\/campuscastanhal.ufpa.br\/wp-content\/uploads\/Selecao-PARFOR-resultado-preliminar-300x170.png 300w\" sizes=\"(max-width: 746px) 100vw, 746px\" \/><\/figure><\/div>\n\n\n<p><\/p>\n\n\n\n<p>A Universidade Federal do Par\u00e1 (UFPA), por meio da Faculdade de Pedagogia do Campus de Castanhal, torna p\u00fablico o resultado preliminar do processo seletivo para cadastro de reserva de professores formadores do Curso de Licenciatura em Educa\u00e7\u00e3o Especial Inclusiva, vinculado ao Parfor Equidade, de acordo com o\u00a0<strong><a rel=\"noreferrer noopener\" href=\"https:\/\/campuscastanhal.ufpa.br\/wp-content\/uploads\/2024\/edital-1-2024-cadastro-reserva-docentes-LEEI-parfor-equidade.pdf\" target=\"_blank\">Edital 01\/2024<\/a><\/strong>. Clique <strong><a href=\"https:\/\/campuscastanhal.ufpa.br\/wp-content\/uploads\/2024\/HOMOLOGACAO_Selecao_Formador_Parfor_Equidade.pdf\" data-type=\"URL\" data-id=\"https:\/\/campuscastanhal.ufpa.br\/wp-content\/uploads\/2024\/HOMOLOGACAO_Selecao_Formador_Parfor_Equidade.pdf\" target=\"_blank\" rel=\"noreferrer noopener\">aqui<\/a><\/strong> para conferir o resultado preliminar das inscri\u00e7\u00f5es homologadas e <strong><a href=\"https:\/\/campuscastanhal.ufpa.br\/wp-content\/uploads\/2024\/RESULTADO_PRELIMINAR_Selecao_Formador_Parfor.pdf\" data-type=\"URL\" data-id=\"https:\/\/campuscastanhal.ufpa.br\/wp-content\/uploads\/2024\/RESULTADO_PRELIMINAR_Selecao_Formador_Parfor.pdf\" target=\"_blank\" rel=\"noreferrer noopener\">aqui<\/a><\/strong> para o resultado preliminar da primeira chamada .<\/p>\n\n\n\n<p>O prazo para interposi\u00e7\u00e3o de recurso contra o resultado preliminar encerra neste s\u00e1bado (21). Os recursos dever\u00e3o ser encaminhados para o e-mail nacesscastanhal@ufpa.br. A(o) candidata(o) deve informar, no corpo do texto, o nome seu nome completo e apresentar as argumenta\u00e7\u00f5es. O modelo de requerimento para o recurso encontra-se no anexo VIII do <strong><a href=\"https:\/\/campuscastanhal.ufpa.br\/wp-content\/uploads\/2024\/edital-1-2024-cadastro-reserva-docentes-LEEI-parfor-equidade.pdf\" data-type=\"URL\" data-id=\"https:\/\/campuscastanhal.ufpa.br\/wp-content\/uploads\/2024\/edital-1-2024-cadastro-reserva-docentes-LEEI-parfor-equidade.pdf\" target=\"_blank\" rel=\"noreferrer noopener\">edital<\/a><\/strong>.<\/p>\n\n\n\n<p>Leia tamb\u00e9m: <\/p>\n\n\n\n<p>&#8211; <a href=\"https:\/\/campuscastanhal.ufpa.br\/?p=7058\" data-type=\"URL\" data-id=\"https:\/\/campuscastanhal.ufpa.br\/?p=7058\" target=\"_blank\" rel=\"noreferrer noopener\">UFPA Castanhal abre inscri\u00e7\u00f5es para cadastro de reserva de professores formadores para o curso de Licenciatura em Educa\u00e7\u00e3o Especial Inclusiva<\/a><\/p>\n","protected":false},"excerpt":{"rendered":"<p>A Universidade Federal do Par\u00e1 (UFPA), por meio da Faculdade de Pedagogia do Campus de Castanhal, torna p\u00fablico o resultado preliminar do processo seletivo para cadastro de reserva de professores formadores do Curso de Licenciatura em Educa\u00e7\u00e3o Especial Inclusiva, vinculado ao Parfor Equidade, de acordo com o\u00a0Edital 01\/2024. Clique aqui para conferir o resultado preliminar &hellip; <a href=\"https:\/\/campuscastanhal.ufpa.br\/?p=7063\">Continue reading <span class=\"meta-nav\">&rarr;<\/span><\/a><\/p>\n","protected":false},"author":2,"featured_media":7064,"comment_status":"open","ping_status":"open","sticky":false,"template":"","format":"standard","meta":{"_exactmetrics_skip_tracking":false,"_exactmetrics_sitenote_active":false,"_exactmetrics_sitenote_note":"","_exactmetrics_sitenote_category":0},"categories":[1],"tags":[],"_links":{"self":[{"href":"https:\/\/campuscastanhal.ufpa.br\/index.php?rest_route=\/wp\/v2\/posts\/7063"}],"collection":[{"href":"https:\/\/campuscastanhal.ufpa.br\/index.php?rest_route=\/wp\/v2\/posts"}],"about":[{"href":"https:\/\/campuscastanhal.ufpa.br\/index.php?rest_route=\/wp\/v2\/types\/post"}],"author":[{"embeddable":true,"href":"https:\/\/campuscastanhal.ufpa.br\/index.php?rest_route=\/wp\/v2\/users\/2"}],"replies":[{"embeddable":true,"href":"https:\/\/campuscastanhal.ufpa.br\/index.php?rest_route=%2Fwp%2Fv2%2Fcomments&post=7063"}],"version-history":[{"count":2,"href":"https:\/\/campuscastanhal.ufpa.br\/index.php?rest_route=\/wp\/v2\/posts\/7063\/revisions"}],"predecessor-version":[{"id":7067,"href":"https:\/\/campuscastanhal.ufpa.br\/index.php?rest_route=\/wp\/v2\/posts\/7063\/revisions\/7067"}],"wp:featuredmedia":[{"embeddable":true,"href":"https:\/\/campuscastanhal.ufpa.br\/index.php?rest_route=\/wp\/v2\/media\/7064"}],"wp:attachment":[{"href":"https:\/\/campuscastanhal.ufpa.br\/index.php?rest_route=%2Fwp%2Fv2%2Fmedia&parent=7063"}],"wp:term":[{"taxonomy":"category","embeddable":true,"href":"https:\/\/campuscastanhal.ufpa.br\/index.php?rest_route=%2Fwp%2Fv2%2Fcategories&post=7063"},{"taxonomy":"post_tag","embeddable":true,"href":"https:\/\/campuscastanhal.ufpa.br\/index.php?rest_route=%2Fwp%2Fv2%2Ftags&post=7063"}],"curies":[{"name":"wp","href":"https:\/\/api.w.org\/{rel}","templated":true}]}}