{"id":7069,"date":"2025-01-02T12:15:20","date_gmt":"2025-01-02T15:15:20","guid":{"rendered":"https:\/\/campuscastanhal.ufpa.br\/?p=7069"},"modified":"2025-01-02T12:39:27","modified_gmt":"2025-01-02T15:39:27","slug":"selecao-para-cadastro-de-reserva-de-professores-formadores-para-o-curso-de-licenciatura-em-educacao-especial-inclusiva-divulgado-o-resultado-final","status":"publish","type":"post","link":"https:\/\/campuscastanhal.ufpa.br\/?p=7069","title":{"rendered":"Sele\u00e7\u00e3o para cadastro de reserva de professores formadores para o curso de Licenciatura em Educa\u00e7\u00e3o Especial Inclusiva: divulgado o resultado final"},"content":{"rendered":"<div class=\"wp-block-image\">\n<figure class=\"aligncenter size-full\"><img decoding=\"async\" loading=\"lazy\" width=\"746\" height=\"423\" src=\"https:\/\/campuscastanhal.ufpa.br\/wp-content\/uploads\/Selecao-PARFOR-resultado-final.png\" alt=\"\" class=\"wp-image-7070\" srcset=\"https:\/\/campuscastanhal.ufpa.br\/wp-content\/uploads\/Selecao-PARFOR-resultado-final.png 746w, https:\/\/campuscastanhal.ufpa.br\/wp-content\/uploads\/Selecao-PARFOR-resultado-final-300x170.png 300w\" sizes=\"(max-width: 746px) 100vw, 746px\" \/><\/figure><\/div>\n\n\n<p><\/p>\n\n\n\n<p>A Universidade Federal do Par\u00e1 (UFPA), por meio da Faculdade de Pedagogia do Campus de Castanhal, torna p\u00fablico o resultado final do processo seletivo para cadastro de reserva de professores formadores do Curso de Licenciatura em Educa\u00e7\u00e3o Especial Inclusiva, vinculado ao Parfor Equidade, de acordo com o\u00a0<strong><a rel=\"noreferrer noopener\" href=\"https:\/\/campuscastanhal.ufpa.br\/wp-content\/uploads\/2024\/edital-1-2024-cadastro-reserva-docentes-LEEI-parfor-equidade.pdf\" target=\"_blank\">Edital 01\/2024<\/a><\/strong>. Clique\u00a0<strong><a href=\"https:\/\/campuscastanhal.ufpa.br\/wp-content\/uploads\/2024\/RESULTADO_FINAL_1_CHAMADA_EDITAL_PSS.pdf\" data-type=\"URL\" data-id=\"https:\/\/campuscastanhal.ufpa.br\/wp-content\/uploads\/2024\/RESULTADO_FINAL_1_CHAMADA_EDITAL_PSS.pdf\" target=\"_blank\" rel=\"noreferrer noopener\">aqui<\/a><\/strong>\u00a0para conferir.<\/p>\n\n\n\n<p><\/p>\n\n\n\n<p>Leia tamb\u00e9m:<\/p>\n\n\n\n<p>\u2013&nbsp;<a rel=\"noreferrer noopener\" href=\"https:\/\/campuscastanhal.ufpa.br\/?p=7058\" target=\"_blank\">UFPA Castanhal abre inscri\u00e7\u00f5es para cadastro de reserva de professores formadores para o curso de Licenciatura em Educa\u00e7\u00e3o Especial Inclusiva<\/a><\/p>\n\n\n\n<p>&#8211; <a rel=\"noreferrer noopener\" href=\"https:\/\/campuscastanhal.ufpa.br\/?p=7063\" data-type=\"URL\" data-id=\"https:\/\/campuscastanhal.ufpa.br\/?p=7063\" target=\"_blank\">Sele\u00e7\u00e3o para cadastro de reserva de professores formadores para o curso de Licenciatura em Educa\u00e7\u00e3o Especial Inclusiva: divulgado o resultado preliminar<\/a><\/p>\n\n\n\n<p>&#8211; <a href=\"https:\/\/campuscastanhal.ufpa.br\/?p=7074\" data-type=\"URL\" data-id=\"https:\/\/campuscastanhal.ufpa.br\/?p=7074\" target=\"_blank\" rel=\"noreferrer noopener\">Sele\u00e7\u00e3o para cadastro de reserva de professores formadores para o curso de Licenciatura em Educa\u00e7\u00e3o Especial Inclusiva: divulgada errata do cronograma<\/a><\/p>\n","protected":false},"excerpt":{"rendered":"<p>A Universidade Federal do Par\u00e1 (UFPA), por meio da Faculdade de Pedagogia do Campus de Castanhal, torna p\u00fablico o resultado final do processo seletivo para cadastro de reserva de professores formadores do Curso de Licenciatura em Educa\u00e7\u00e3o Especial Inclusiva, vinculado ao Parfor Equidade, de acordo com o\u00a0Edital 01\/2024. Clique\u00a0aqui\u00a0para conferir. Leia tamb\u00e9m: \u2013&nbsp;UFPA Castanhal abre &hellip; <a href=\"https:\/\/campuscastanhal.ufpa.br\/?p=7069\">Continue reading <span class=\"meta-nav\">&rarr;<\/span><\/a><\/p>\n","protected":false},"author":2,"featured_media":7070,"comment_status":"open","ping_status":"open","sticky":false,"template":"","format":"standard","meta":{"_exactmetrics_skip_tracking":false,"_exactmetrics_sitenote_active":false,"_exactmetrics_sitenote_note":"","_exactmetrics_sitenote_category":0},"categories":[1],"tags":[],"_links":{"self":[{"href":"https:\/\/campuscastanhal.ufpa.br\/index.php?rest_route=\/wp\/v2\/posts\/7069"}],"collection":[{"href":"https:\/\/campuscastanhal.ufpa.br\/index.php?rest_route=\/wp\/v2\/posts"}],"about":[{"href":"https:\/\/campuscastanhal.ufpa.br\/index.php?rest_route=\/wp\/v2\/types\/post"}],"author":[{"embeddable":true,"href":"https:\/\/campuscastanhal.ufpa.br\/index.php?rest_route=\/wp\/v2\/users\/2"}],"replies":[{"embeddable":true,"href":"https:\/\/campuscastanhal.ufpa.br\/index.php?rest_route=%2Fwp%2Fv2%2Fcomments&post=7069"}],"version-history":[{"count":4,"href":"https:\/\/campuscastanhal.ufpa.br\/index.php?rest_route=\/wp\/v2\/posts\/7069\/revisions"}],"predecessor-version":[{"id":7081,"href":"https:\/\/campuscastanhal.ufpa.br\/index.php?rest_route=\/wp\/v2\/posts\/7069\/revisions\/7081"}],"wp:featuredmedia":[{"embeddable":true,"href":"https:\/\/campuscastanhal.ufpa.br\/index.php?rest_route=\/wp\/v2\/media\/7070"}],"wp:attachment":[{"href":"https:\/\/campuscastanhal.ufpa.br\/index.php?rest_route=%2Fwp%2Fv2%2Fmedia&parent=7069"}],"wp:term":[{"taxonomy":"category","embeddable":true,"href":"https:\/\/campuscastanhal.ufpa.br\/index.php?rest_route=%2Fwp%2Fv2%2Fcategories&post=7069"},{"taxonomy":"post_tag","embeddable":true,"href":"https:\/\/campuscastanhal.ufpa.br\/index.php?rest_route=%2Fwp%2Fv2%2Ftags&post=7069"}],"curies":[{"name":"wp","href":"https:\/\/api.w.org\/{rel}","templated":true}]}}