{"id":7074,"date":"2025-01-02T10:04:44","date_gmt":"2025-01-02T13:04:44","guid":{"rendered":"https:\/\/campuscastanhal.ufpa.br\/?p=7074"},"modified":"2025-01-11T11:27:39","modified_gmt":"2025-01-11T14:27:39","slug":"selecao-para-cadastro-de-reserva-de-professores-formadores-para-o-curso-de-licenciatura-em-educacao-especial-inclusiva-divulgada-errata-do-cronograma","status":"publish","type":"post","link":"https:\/\/campuscastanhal.ufpa.br\/?p=7074","title":{"rendered":"Sele\u00e7\u00e3o para cadastro de reserva de professores formadores para o curso de Licenciatura em Educa\u00e7\u00e3o Especial Inclusiva: divulgada errata do cronograma"},"content":{"rendered":"<div class=\"wp-block-image\">\n<figure class=\"aligncenter size-full\"><img decoding=\"async\" loading=\"lazy\" width=\"746\" height=\"423\" src=\"https:\/\/campuscastanhal.ufpa.br\/wp-content\/uploads\/Parfor-Errata.png\" alt=\"\" class=\"wp-image-7075\" srcset=\"https:\/\/campuscastanhal.ufpa.br\/wp-content\/uploads\/Parfor-Errata.png 746w, https:\/\/campuscastanhal.ufpa.br\/wp-content\/uploads\/Parfor-Errata-300x170.png 300w\" sizes=\"(max-width: 746px) 100vw, 746px\" \/><\/figure><\/div>\n\n\n<p><\/p>\n\n\n\n<p>A Universidade Federal do Par\u00e1 (UFPA), por meio da Faculdade de Pedagogia do Campus de Castanhal, torna p\u00fablica a errata do cronograma do processo seletivo para cadastro de reserva de professores formadores do Curso de Licenciatura em Educa\u00e7\u00e3o Especial Inclusiva, vinculado ao Parfor Equidade, de acordo com o\u00a0<strong><a rel=\"noreferrer noopener\" href=\"https:\/\/campuscastanhal.ufpa.br\/wp-content\/uploads\/2024\/edital-1-2024-cadastro-reserva-docentes-LEEI-parfor-equidade.pdf\" target=\"_blank\">Edital 01\/2024<\/a><\/strong>. Clique\u00a0<strong><a rel=\"noreferrer noopener\" href=\"https:\/\/campuscastanhal.ufpa.br\/wp-content\/uploads\/2024\/errata_edital_parfor_externo.pdf\" data-type=\"URL\" data-id=\"https:\/\/campuscastanhal.ufpa.br\/wp-content\/uploads\/2024\/errata_edital_parfor_externo.pdf\" target=\"_blank\">aqui<\/a><\/strong>\u00a0para conferir a errata.<\/p>\n\n\n\n<p><\/p>\n\n\n\n<p>Leia tamb\u00e9m:<\/p>\n\n\n\n<p>\u2013&nbsp;<a rel=\"noreferrer noopener\" href=\"https:\/\/campuscastanhal.ufpa.br\/?p=7058\" target=\"_blank\">UFPA Castanhal abre inscri\u00e7\u00f5es para cadastro de reserva de professores formadores para o curso de Licenciatura em Educa\u00e7\u00e3o Especial Inclusiva<\/a><\/p>\n\n\n\n<p>&#8211; <a rel=\"noreferrer noopener\" href=\"https:\/\/campuscastanhal.ufpa.br\/?p=7063\" data-type=\"URL\" data-id=\"https:\/\/campuscastanhal.ufpa.br\/?p=7063\" target=\"_blank\">Sele\u00e7\u00e3o para cadastro de reserva de professores formadores para o curso de Licenciatura em Educa\u00e7\u00e3o Especial Inclusiva: divulgado o resultado preliminar<\/a><\/p>\n","protected":false},"excerpt":{"rendered":"<p>A Universidade Federal do Par\u00e1 (UFPA), por meio da Faculdade de Pedagogia do Campus de Castanhal, torna p\u00fablica a errata do cronograma do processo seletivo para cadastro de reserva de professores formadores do Curso de Licenciatura em Educa\u00e7\u00e3o Especial Inclusiva, vinculado ao Parfor Equidade, de acordo com o\u00a0Edital 01\/2024. Clique\u00a0aqui\u00a0para conferir a errata. Leia tamb\u00e9m: &hellip; <a href=\"https:\/\/campuscastanhal.ufpa.br\/?p=7074\">Continue reading <span class=\"meta-nav\">&rarr;<\/span><\/a><\/p>\n","protected":false},"author":2,"featured_media":7075,"comment_status":"open","ping_status":"open","sticky":false,"template":"","format":"standard","meta":{"_exactmetrics_skip_tracking":false,"_exactmetrics_sitenote_active":false,"_exactmetrics_sitenote_note":"","_exactmetrics_sitenote_category":0},"categories":[1],"tags":[],"_links":{"self":[{"href":"https:\/\/campuscastanhal.ufpa.br\/index.php?rest_route=\/wp\/v2\/posts\/7074"}],"collection":[{"href":"https:\/\/campuscastanhal.ufpa.br\/index.php?rest_route=\/wp\/v2\/posts"}],"about":[{"href":"https:\/\/campuscastanhal.ufpa.br\/index.php?rest_route=\/wp\/v2\/types\/post"}],"author":[{"embeddable":true,"href":"https:\/\/campuscastanhal.ufpa.br\/index.php?rest_route=\/wp\/v2\/users\/2"}],"replies":[{"embeddable":true,"href":"https:\/\/campuscastanhal.ufpa.br\/index.php?rest_route=%2Fwp%2Fv2%2Fcomments&post=7074"}],"version-history":[{"count":3,"href":"https:\/\/campuscastanhal.ufpa.br\/index.php?rest_route=\/wp\/v2\/posts\/7074\/revisions"}],"predecessor-version":[{"id":7091,"href":"https:\/\/campuscastanhal.ufpa.br\/index.php?rest_route=\/wp\/v2\/posts\/7074\/revisions\/7091"}],"wp:featuredmedia":[{"embeddable":true,"href":"https:\/\/campuscastanhal.ufpa.br\/index.php?rest_route=\/wp\/v2\/media\/7075"}],"wp:attachment":[{"href":"https:\/\/campuscastanhal.ufpa.br\/index.php?rest_route=%2Fwp%2Fv2%2Fmedia&parent=7074"}],"wp:term":[{"taxonomy":"category","embeddable":true,"href":"https:\/\/campuscastanhal.ufpa.br\/index.php?rest_route=%2Fwp%2Fv2%2Fcategories&post=7074"},{"taxonomy":"post_tag","embeddable":true,"href":"https:\/\/campuscastanhal.ufpa.br\/index.php?rest_route=%2Fwp%2Fv2%2Ftags&post=7074"}],"curies":[{"name":"wp","href":"https:\/\/api.w.org\/{rel}","templated":true}]}}