{"id":7335,"date":"2025-05-26T11:50:07","date_gmt":"2025-05-26T14:50:07","guid":{"rendered":"https:\/\/campuscastanhal.ufpa.br\/?p=7335"},"modified":"2025-05-26T11:53:27","modified_gmt":"2025-05-26T14:53:27","slug":"ufpa-castanhal-sedia-i-seminario-internacional-pibid-com-foco-em-saberes-ancestrais-e-praticas-de-ensino-de-linguas","status":"publish","type":"post","link":"https:\/\/campuscastanhal.ufpa.br\/?p=7335","title":{"rendered":"UFPA Castanhal sedia I Semin\u00e1rio Internacional PIBID com foco em saberes ancestrais e pr\u00e1ticas de ensino de l\u00ednguas"},"content":{"rendered":"<div class=\"wp-block-image\">\n<figure class=\"aligncenter size-full\"><img decoding=\"async\" loading=\"lazy\" width=\"746\" height=\"423\" src=\"https:\/\/campuscastanhal.ufpa.br\/wp-content\/uploads\/WhatsApp-Image-2025-05-26-at-11.10.56.jpeg\" alt=\"\" class=\"wp-image-7341\" srcset=\"https:\/\/campuscastanhal.ufpa.br\/wp-content\/uploads\/WhatsApp-Image-2025-05-26-at-11.10.56.jpeg 746w, https:\/\/campuscastanhal.ufpa.br\/wp-content\/uploads\/WhatsApp-Image-2025-05-26-at-11.10.56-300x170.jpeg 300w\" sizes=\"(max-width: 746px) 100vw, 746px\" \/><\/figure><\/div>\n\n\n<p>Entre os dias 16 e 18 de junho, o Campus da UFPA Castanhal ser\u00e1 palco do <strong>I Semin\u00e1rio Internacional PIBID\/UFPA Castanhal (Espanhol) \u2013 Abaetetuba (Espanhol-Portugu\u00eas)<\/strong>, com o tema <em>\u201cLa ense\u00f1anza de lenguas y literaturas desde la perspectiva decolonial e interdisciplinaria: entre saberes ancestrales y eruditos\u201d<\/em>. O evento \u00e9 fruto da articula\u00e7\u00e3o entre subprojetos do Programa Institucional de Bolsa de Inicia\u00e7\u00e3o \u00e0 Doc\u00eancia (PIBID) e projetos de pesquisa e extens\u00e3o da Faculdade de Letras\/Espanhol, com apoio de institui\u00e7\u00f5es nacionais e internacionais.<\/p>\n\n\n\n<p>A programa\u00e7\u00e3o contar\u00e1 com mesas-redondas, debates, apresenta\u00e7\u00f5es de relatos de experi\u00eancias, momentos culturais e atividades acad\u00eamicas que integram diferentes perspectivas pedag\u00f3gicas no ensino de l\u00ednguas e literaturas. A proposta \u00e9 promover reflex\u00f5es sobre pr\u00e1ticas de ensino que valorizem os saberes ancestrais, as epistemologias do Sul e a interculturalidade, por meio de uma abordagem cr\u00edtica e decolonial.<\/p>\n\n\n\n<p>No primeiro dia (16), as atividades ocorrer\u00e3o no Audit\u00f3rio do GETI, a partir das 18h, com credenciamento, momento cultural e mesa de abertura. As falas iniciais destacar\u00e3o as experi\u00eancias dos subprojetos PIBID em Castanhal e Abaetetuba, abordando a interdisciplinaridade entre o portugu\u00eas e o espanhol, e as rela\u00e7\u00f5es entre oralidade, identidade e ensino. Participam da mesa as professoras Gracineia Ara\u00fajo (UFPA), Anne Barros (UFPA), e a convidada internacional Andrea Espada Vadillo, da Ag\u00eancia Espanhola de Coopera\u00e7\u00e3o Internacional e Desenvolvimento (AECID).<\/p>\n\n\n\n<p>No segundo dia (17), a programa\u00e7\u00e3o inicia \u00e0s 9h, tamb\u00e9m no Audit\u00f3rio do GETI, com debates sobre leitura liter\u00e1ria, desafios do ensino em contextos rurais amaz\u00f4nicos e experi\u00eancias de supervisores e bolsistas dos subprojetos PIBID. \u00c0 tarde, a mesa ser\u00e1 dedicada \u00e0 investiga\u00e7\u00e3o em chave decolonial, com a participa\u00e7\u00e3o do professor Daniel Gordillo S\u00e1nchez (Instituto Federal de Sergipe), da professora Leticia Benito Toro (AECID), e media\u00e7\u00e3o de pesquisadores da UFPA. \u00c0 noite, haver\u00e1 debate sobre o tema \u201cEduca\u00e7\u00e3o para as rela\u00e7\u00f5es etcnico-raciais e diversidade, com a professora L\u00edlian de Sales (Educa\u00e7\u00e3o F\u00edsica\/UFPA) e, em seguida, o \u201cCaf\u00e9 com Literatura\u201d, &nbsp;onde os participantes poder\u00e3o compartilhar uma experi\u00eancia de leitura liter\u00e1ria.<\/p>\n\n\n\n<p>O terceiro e \u00faltimo dia (18) ser\u00e1 realizado de forma remota, pela plataforma Google Meet, e contar\u00e1 com falas de docentes da Universidad Nacional Aut\u00f3noma de M\u00e9xico (UNAM) e da Universidad Nacional de la Amazon\u00eda Peruana (UNAP), al\u00e9m da confer\u00eancia de encerramento com o professor Jos\u00e9 Manuyama, que abordar\u00e1 a pedagogia ancestral como estrat\u00e9gia de preserva\u00e7\u00e3o da floresta amaz\u00f4nica.<\/p>\n\n\n\n<p>O evento \u00e9 coordenado pela professora <strong>Gracineia Ara\u00fajo<\/strong>&nbsp;(UFPA\/Castanhal), com participa\u00e7\u00e3o dos professores <strong>Daniel Gordillo S\u00e1nchez<\/strong>&nbsp;(IFS), <strong>Anne Barros<\/strong>&nbsp;(UFPA) e <strong>Cecilia Cort\u00e9s<\/strong>&nbsp;(UNAM). A iniciativa conta, ainda, com apoio de projetos e grupos de pesquisa vinculados ao CNPq, como o <strong>GETELL<\/strong>&nbsp;e o <strong>NARRATO<\/strong>.<\/p>\n\n\n\n<p>As inscri\u00e7\u00f5es podem ser feitas gratuitamente at\u00e9 o dia 10 de junho, por meio do formul\u00e1rio dispon\u00edvel <a href=\"https:\/\/docs.google.com\/forms\/d\/e\/1FAIpQLSc5H2heXDbIC2cXQa8atFXHKhx-AsRZmG57DmKZgdjW0_YmFA\/viewform?pli=1\" target=\"_blank\" rel=\"noreferrer noopener\"><strong><u><strong>aqui<\/strong><\/u><\/strong><\/a>. Para conferir a programa\u00e7\u00e3o na \u00edntegra, consulte a divulga\u00e7\u00e3o realizada na p\u00e1gina do Instagram @ufpacastanhal.<\/p>\n\n\n\n<p><strong>Texto: Paula Lopes \u2013 Ascom UFPA\/Castanhal<\/strong><strong><\/strong><\/p>\n\n\n\n<p><strong>Arte: Divulga\u00e7\u00e3o I Semin\u00e1rio Internacional PIBID\/UFPA<\/strong><\/p>\n","protected":false},"excerpt":{"rendered":"<p>Entre os dias 16 e 18 de junho, o Campus da UFPA Castanhal ser\u00e1 palco do I Semin\u00e1rio Internacional PIBID\/UFPA Castanhal (Espanhol) \u2013 Abaetetuba (Espanhol-Portugu\u00eas), com o tema \u201cLa ense\u00f1anza de lenguas y literaturas desde la perspectiva decolonial e interdisciplinaria: entre saberes ancestrales y eruditos\u201d. O evento \u00e9 fruto da articula\u00e7\u00e3o entre subprojetos do Programa &hellip; <a href=\"https:\/\/campuscastanhal.ufpa.br\/?p=7335\">Continue reading <span class=\"meta-nav\">&rarr;<\/span><\/a><\/p>\n","protected":false},"author":2,"featured_media":7341,"comment_status":"open","ping_status":"open","sticky":false,"template":"","format":"standard","meta":{"_exactmetrics_skip_tracking":false,"_exactmetrics_sitenote_active":false,"_exactmetrics_sitenote_note":"","_exactmetrics_sitenote_category":0},"categories":[1],"tags":[],"_links":{"self":[{"href":"https:\/\/campuscastanhal.ufpa.br\/index.php?rest_route=\/wp\/v2\/posts\/7335"}],"collection":[{"href":"https:\/\/campuscastanhal.ufpa.br\/index.php?rest_route=\/wp\/v2\/posts"}],"about":[{"href":"https:\/\/campuscastanhal.ufpa.br\/index.php?rest_route=\/wp\/v2\/types\/post"}],"author":[{"embeddable":true,"href":"https:\/\/campuscastanhal.ufpa.br\/index.php?rest_route=\/wp\/v2\/users\/2"}],"replies":[{"embeddable":true,"href":"https:\/\/campuscastanhal.ufpa.br\/index.php?rest_route=%2Fwp%2Fv2%2Fcomments&post=7335"}],"version-history":[{"count":4,"href":"https:\/\/campuscastanhal.ufpa.br\/index.php?rest_route=\/wp\/v2\/posts\/7335\/revisions"}],"predecessor-version":[{"id":7342,"href":"https:\/\/campuscastanhal.ufpa.br\/index.php?rest_route=\/wp\/v2\/posts\/7335\/revisions\/7342"}],"wp:featuredmedia":[{"embeddable":true,"href":"https:\/\/campuscastanhal.ufpa.br\/index.php?rest_route=\/wp\/v2\/media\/7341"}],"wp:attachment":[{"href":"https:\/\/campuscastanhal.ufpa.br\/index.php?rest_route=%2Fwp%2Fv2%2Fmedia&parent=7335"}],"wp:term":[{"taxonomy":"category","embeddable":true,"href":"https:\/\/campuscastanhal.ufpa.br\/index.php?rest_route=%2Fwp%2Fv2%2Fcategories&post=7335"},{"taxonomy":"post_tag","embeddable":true,"href":"https:\/\/campuscastanhal.ufpa.br\/index.php?rest_route=%2Fwp%2Fv2%2Ftags&post=7335"}],"curies":[{"name":"wp","href":"https:\/\/api.w.org\/{rel}","templated":true}]}}