{"id":7510,"date":"2026-04-30T13:16:25","date_gmt":"2026-04-30T16:16:25","guid":{"rendered":"https:\/\/campuscastanhal.ufpa.br\/?p=7510"},"modified":"2026-04-30T13:16:26","modified_gmt":"2026-04-30T16:16:26","slug":"ufpa-castanhal-oferta-curso-basico-de-libras-2026-com-inscricoes-em-maio","status":"publish","type":"post","link":"https:\/\/campuscastanhal.ufpa.br\/?p=7510","title":{"rendered":"UFPA Castanhal oferta Curso B\u00e1sico de Libras 2026 com inscri\u00e7\u00f5es em maio"},"content":{"rendered":"<div class=\"wp-block-image\">\n<figure class=\"aligncenter size-full\"><img decoding=\"async\" loading=\"lazy\" width=\"746\" height=\"423\" src=\"https:\/\/campuscastanhal.ufpa.br\/wp-content\/uploads\/curso_libras.png\" alt=\"\" class=\"wp-image-7511\" srcset=\"https:\/\/campuscastanhal.ufpa.br\/wp-content\/uploads\/curso_libras.png 746w, https:\/\/campuscastanhal.ufpa.br\/wp-content\/uploads\/curso_libras-300x170.png 300w\" sizes=\"(max-width: 746px) 100vw, 746px\" \/><\/figure><\/div>\n\n\n<p><\/p>\n\n\n\n<p>A Universidade Federal do Par\u00e1 (UFPA), Campus de Castanhal, por meio do<br>GEPLISES (Grupo de Estudos e Pesquisas de L\u00edngua de Sinais e Educa\u00e7\u00e3o de Surdos), coordenado pelo professor Rubens Faro, ofertar\u00e1 o Curso B\u00e1sico de Libras 2026, com o objetivo de ampliar o acesso \u00e0 L\u00edngua Brasileira de Sinais e contribuir para a promo\u00e7\u00e3o da inclus\u00e3o e da comunica\u00e7\u00e3o com a comunidade surda.<\/p>\n\n\n\n<p>As inscri\u00e7\u00f5es s\u00e3o voltadas ao p\u00fablico em geral e ser\u00e3o realizadas no dia 8 de maio de 2026, no per\u00edodo das 9h \u00e0s 20h, por meio de formul\u00e1rio on-line, dispon\u00edvel <a href=\"https:\/\/forms.gle\/XVUAcPE71iwnp7qv5\" target=\"_blank\" rel=\"noreferrer noopener\">aqui<\/a>. <\/p>\n\n\n\n<p>O curso \u00e9 gratuito e ser\u00e1 ofertado na modalidade presencial, com aulas no Campus da UFPA Castanhal.<\/p>\n\n\n\n<p>Ser\u00e3o disponibilizadas 45 vagas por turma, distribu\u00eddas em dois hor\u00e1rios, ambos \u00e0s quartas-feiras: das 16h \u00e0s 18h (Turma 1) e das 18h \u00e0s 20h (Turma 2). A previs\u00e3o de in\u00edcio das atividades \u00e9 para o dia 13 de maio de 2026.<\/p>\n\n\n\n<p>A iniciativa busca oportunizar o aprendizado b\u00e1sico da Libras a estudantes e \u00e0 comunidade em geral, contribuindo para a constru\u00e7\u00e3o de pr\u00e1ticas mais inclusivas nos diferentes espa\u00e7os sociais.<\/p>\n\n\n\n<p>Em caso de d\u00favidas, os interessados podem entrar em contato pelo e-mail geplises@gmail.com.<\/p>\n\n\n\n<p>Texto: Ascom \u2013 UFPA\/Castanhal<br>Arte: Divulga\u00e7\u00e3o Geplises<\/p>\n","protected":false},"excerpt":{"rendered":"<p>A Universidade Federal do Par\u00e1 (UFPA), Campus de Castanhal, por meio doGEPLISES (Grupo de Estudos e Pesquisas de L\u00edngua de Sinais e Educa\u00e7\u00e3o de Surdos), coordenado pelo professor Rubens Faro, ofertar\u00e1 o Curso B\u00e1sico de Libras 2026, com o objetivo de ampliar o acesso \u00e0 L\u00edngua Brasileira de Sinais e contribuir para a promo\u00e7\u00e3o da &hellip; <a href=\"https:\/\/campuscastanhal.ufpa.br\/?p=7510\">Continue reading <span class=\"meta-nav\">&rarr;<\/span><\/a><\/p>\n","protected":false},"author":2,"featured_media":7511,"comment_status":"open","ping_status":"open","sticky":false,"template":"","format":"standard","meta":{"_exactmetrics_skip_tracking":false,"_exactmetrics_sitenote_active":false,"_exactmetrics_sitenote_note":"","_exactmetrics_sitenote_category":0},"categories":[1],"tags":[],"_links":{"self":[{"href":"https:\/\/campuscastanhal.ufpa.br\/index.php?rest_route=\/wp\/v2\/posts\/7510"}],"collection":[{"href":"https:\/\/campuscastanhal.ufpa.br\/index.php?rest_route=\/wp\/v2\/posts"}],"about":[{"href":"https:\/\/campuscastanhal.ufpa.br\/index.php?rest_route=\/wp\/v2\/types\/post"}],"author":[{"embeddable":true,"href":"https:\/\/campuscastanhal.ufpa.br\/index.php?rest_route=\/wp\/v2\/users\/2"}],"replies":[{"embeddable":true,"href":"https:\/\/campuscastanhal.ufpa.br\/index.php?rest_route=%2Fwp%2Fv2%2Fcomments&post=7510"}],"version-history":[{"count":1,"href":"https:\/\/campuscastanhal.ufpa.br\/index.php?rest_route=\/wp\/v2\/posts\/7510\/revisions"}],"predecessor-version":[{"id":7512,"href":"https:\/\/campuscastanhal.ufpa.br\/index.php?rest_route=\/wp\/v2\/posts\/7510\/revisions\/7512"}],"wp:featuredmedia":[{"embeddable":true,"href":"https:\/\/campuscastanhal.ufpa.br\/index.php?rest_route=\/wp\/v2\/media\/7511"}],"wp:attachment":[{"href":"https:\/\/campuscastanhal.ufpa.br\/index.php?rest_route=%2Fwp%2Fv2%2Fmedia&parent=7510"}],"wp:term":[{"taxonomy":"category","embeddable":true,"href":"https:\/\/campuscastanhal.ufpa.br\/index.php?rest_route=%2Fwp%2Fv2%2Fcategories&post=7510"},{"taxonomy":"post_tag","embeddable":true,"href":"https:\/\/campuscastanhal.ufpa.br\/index.php?rest_route=%2Fwp%2Fv2%2Ftags&post=7510"}],"curies":[{"name":"wp","href":"https:\/\/api.w.org\/{rel}","templated":true}]}}